{"id":343167,"date":"2025-08-25T15:58:10","date_gmt":"2025-08-25T15:58:10","guid":{"rendered":"https:\/\/www.europesays.com\/fr\/343167\/"},"modified":"2025-08-25T15:58:10","modified_gmt":"2025-08-25T15:58:10","slug":"apres-darty-et-boulanger-une-celebre-enseigne-delectromenager-ferme-definitivement-ses-portes","status":"publish","type":"post","link":"https:\/\/www.europesays.com\/fr\/343167\/","title":{"rendered":"Apr\u00e8s Darty et Boulanger, une c\u00e9l\u00e8bre enseigne d&rsquo;\u00e9lectrom\u00e9nager ferme d\u00e9finitivement ses portes"},"content":{"rendered":"<p>Par <a class=\"author_recette\" id=\"author_name\" href=\"https:\/\/www.nextplz.fr\/auteur\/yvan-jourdan\" rel=\"nofollow noopener\" target=\"_blank\">Yvan<br \/>\nJourdan<\/a> &#8211;<br \/>\nPubli\u00e9 le 25 Ao\u00fbt 2025 \u00e0<br \/>\n14:30<\/p>\n<p class=\"article-intro excerpt\">La fermeture officielle d\u2019un<br \/>\nmagasin d\u2019\u00e9lectrom\u00e9nager a \u00e9t\u00e9 annonc\u00e9. Un changement radical qui<br \/>\nchamboule actuellement le secteur de l\u2019\u00e9lectrom\u00e9nager.<\/p>\n<p>Nouveau coup dur pour de nombreux fran\u00e7ais apr\u00e8s des mois plut\u00f4t<br \/>\ndifficiles. En effet, le commerce en d\u00e9tail en France n\u00a0\u00bb\u00e9tait pas<br \/>\nde tout repos durant l&rsquo;ann\u00e9e 2024, marqu\u00e9e aussi par les <a href=\"https:\/\/www.nextplz.fr\/people\/446617-il-ma-juste-mis-un-doigt-12-mois-apres-les-jo-laveu-dune-athlete-sur-ce-champion-francais\" rel=\"nofollow noopener\" target=\"_blank\"><br \/>\nJeux Olympiques de Paris<\/a>. L&rsquo;un des secteurs le plus touch\u00e9 par<br \/>\nune d\u00e9cision ferme est bien s\u00fbr celui de l&rsquo;\u00e9lectrom\u00e9nager. En<br \/>\noutre, apr\u00e8s une fermeture en masse de certains magasins, une autre<br \/>\nenseigne a r\u00e9cemment mis la cl\u00e9 sous le paillasson.<\/p>\n<p>L&rsquo;univers de<br \/>\nl&rsquo;\u00e9lectrom\u00e9nager fran\u00e7ais s&rsquo;effondre<\/p>\n<p>Sur le territoire fran\u00e7ais, environ 80 % des foyers ont<br \/>\nconsid\u00e9rablement rallong\u00e9 leurs d\u00e9penses jug\u00e9es non primordiales.<br \/>\nParmi elle, figurent bien \u00e9videmment les loisirs et outillages<br \/>\ndomestiques r\u00e9guli\u00e8rement vendus dans des magasins \u00e9lectrom\u00e9nagers.<br \/>\nFace \u00e0 cette baisse de fr\u00e9quentation des enseignes, de nombreux<br \/>\nlocaux ont d\u00fb prendre une importante r\u00e9solution.<\/p>\n<p>En effet, il s&rsquo;agit ici de la fermeture de nombreuses structures<br \/>\ncommercialisant des objets \u00e0 usage domestique. Tel \u00e9tait d&rsquo;ailleurs<br \/>\nle cas de <a href=\"https:\/\/www.nextplz.fr\/lifestyle\/469318-apres-la-fnac-darty-ferme-definitivement-les-portes-de-ces-magasins\" rel=\"nofollow noopener\" target=\"_blank\"><br \/>\nDarty qui pliait bagage<\/a> quelques mois plus t\u00f4t. Pour ce nouveau<br \/>\ntour de danse, place \u00e0 Boulanger qui fera ses adieux \u00e0 sa client\u00e8le<br \/>\nen septembre 2025.<\/p>\n<p>Boulanger met<br \/>\nla cl\u00e9 sous la porte \u00e0 Strasbourg<\/p>\n<p>Cr\u00e9\u00e9e en 1954 par deux fr\u00e8res, Boulanger est connu pour la vaste<br \/>\nde produits d&rsquo;\u00e9lectrom\u00e9nagers. Pr\u00e9sente dans de nombreuses villes<br \/>\ndepuis sa cr\u00e9ation, l&rsquo;enseigne devra malheureusement dispara\u00eetre du<br \/>\ncentre-ville de Strasbourg. Ouverte depuis 2021, elle s&rsquo;\u00e9tait<br \/>\n\u00e9tablie au 30 rue du 22 novembre. Selon un responsable des lieux,<br \/>\ncette fermeture n&rsquo;est en aucun cas due \u00e0 de mauvais chiffres ou<br \/>\nencore \u00e0 de la concurrence.<\/p>\n<p>\u00ab\u00a0Il ne s\u2019agit pas d\u2019une fermeture et ce n\u2019est pas \u00e0 cause de<br \/>\nla concurrence, l\u2019entreprise va tr\u00e8s bien, nous avons reclass\u00e9 tout<br \/>\nle monde\u00a0\u00bb, a-t-il soulign\u00e9. Toutefois, il est n\u00e9cessaire de<br \/>\nmentionner que vous pourrez trouver les nombreux collaborateurs de<br \/>\nBoulanger dans le magasin de Vigie et Vendenheim. \u00ab\u00a0Pour moiti\u00e9,<br \/>\n\u00e0 peu pr\u00e8s, dans les deux magasins de la Vigie et de<br \/>\nVendenheim\u00a0\u00bb, a ajout\u00e9 ledit responsable.<\/p>\n<p>Les clients r\u00e9agissent \u00e0 la fermeture de la c\u00e9l\u00e8bre l&rsquo;enseigne<\/p>\n<p>Sur les r\u00e9seaux sociaux, c&rsquo;est la consternation totale. Nombreux<br \/>\nsont les clients qui ont pris d&rsquo;assaut la toile pour exprimer leur<br \/>\nd\u00e9sarroi suite \u00e0 l&rsquo;annonce de la fermeture des locaux. Si certains<br \/>\nd\u00e9plorent le fait que des achats finiront par tous se faire en<br \/>\nligne, d&rsquo;autres par contre font une remarque assez inqui\u00e9tante.<br \/>\nCella du d\u00e9part successif de diff\u00e9rents magasins du b\u00e2timent.<\/p>\n<p>\u00ab\u00a0C\u2019est dommage, c\u2019\u00e9tait super de l\u2019avoir au centre-ville.<br \/>\nLes gens vont finir par tout acheter sur internet\u00a0\u00bb, \u00ab\u00a0d\u00e9cid\u00e9ment,<br \/>\nles enseignes ne restent pas longtemps dans ce b\u00e2timent\u00a0\u00bb,<br \/>\nont-ils laiss\u00e9 entendre. N\u00e9anmoins, malgr\u00e9 cette triste nouvelle<br \/>\nqu&rsquo;apprend la client\u00e8le fid\u00e8le de Boulanger, elle pourra tout de<br \/>\nm\u00eame profiter du grand d\u00e9stockage lanc\u00e9 avant le clap de fin. De<br \/>\nquoi se faire plaisir en masse pour une toute derni\u00e8re fois.<\/p>\n","protected":false},"excerpt":{"rendered":"Par Yvan Jourdan &#8211; Publi\u00e9 le 25 Ao\u00fbt 2025 \u00e0 14:30 La fermeture officielle d\u2019un magasin d\u2019\u00e9lectrom\u00e9nager a&hellip;\n","protected":false},"author":2,"featured_media":343168,"comment_status":"","ping_status":"","sticky":false,"template":"","format":"standard","meta":{"footnotes":""},"categories":[6],"tags":[35,33,34,1011,27],"class_list":{"0":"post-343167","1":"post","2":"type-post","3":"status-publish","4":"format-standard","5":"has-post-thumbnail","7":"category-economie","8":"tag-business","9":"tag-economie","10":"tag-economy","11":"tag-fr","12":"tag-france"},"share_on_mastodon":{"url":"https:\/\/pubeurope.com\/@fr\/115090234023556856","error":""},"_links":{"self":[{"href":"https:\/\/www.europesays.com\/fr\/wp-json\/wp\/v2\/posts\/343167","targetHints":{"allow":["GET"]}}],"collection":[{"href":"https:\/\/www.europesays.com\/fr\/wp-json\/wp\/v2\/posts"}],"about":[{"href":"https:\/\/www.europesays.com\/fr\/wp-json\/wp\/v2\/types\/post"}],"author":[{"embeddable":true,"href":"https:\/\/www.europesays.com\/fr\/wp-json\/wp\/v2\/users\/2"}],"replies":[{"embeddable":true,"href":"https:\/\/www.europesays.com\/fr\/wp-json\/wp\/v2\/comments?post=343167"}],"version-history":[{"count":0,"href":"https:\/\/www.europesays.com\/fr\/wp-json\/wp\/v2\/posts\/343167\/revisions"}],"wp:featuredmedia":[{"embeddable":true,"href":"https:\/\/www.europesays.com\/fr\/wp-json\/wp\/v2\/media\/343168"}],"wp:attachment":[{"href":"https:\/\/www.europesays.com\/fr\/wp-json\/wp\/v2\/media?parent=343167"}],"wp:term":[{"taxonomy":"category","embeddable":true,"href":"https:\/\/www.europesays.com\/fr\/wp-json\/wp\/v2\/categories?post=343167"},{"taxonomy":"post_tag","embeddable":true,"href":"https:\/\/www.europesays.com\/fr\/wp-json\/wp\/v2\/tags?post=343167"}],"curies":[{"name":"wp","href":"https:\/\/api.w.org\/{rel}","templated":true}]}}