{"id":343169,"date":"2025-08-25T15:59:10","date_gmt":"2025-08-25T15:59:10","guid":{"rendered":"https:\/\/www.europesays.com\/fr\/343169\/"},"modified":"2025-08-25T15:59:10","modified_gmt":"2025-08-25T15:59:10","slug":"a-washington-le-deploiement-de-la-garde-nationale-par-trump-ne-passe-pas-liberation","status":"publish","type":"post","link":"https:\/\/www.europesays.com\/fr\/343169\/","title":{"rendered":"\u00e0 Washington, le d\u00e9ploiement de la garde nationale par Trump ne passe pas \u2013 Lib\u00e9ration"},"content":{"rendered":"<p class=\"sc-ksZaOG ehjQrN text-element\">C\u2019est samedi, le soleil brille, il fait chaud. Sur le Mall, longue bande de pelouse au centre de Washington qui regroupe les mus\u00e9es et les principaux monuments de la capitale, les touristes sont nombreux. Ils longent un bassin rectiligne, fl\u00e2nent, discutent. L\u2019endroit est plut\u00f4t joli : l\u2019herbe est bien tondue, les canards se pr\u00e9lassent dans l\u2019eau, l\u2019immense ob\u00e9lisque du Washington Monument fait face \u00e0 l\u2019imposant m\u00e9morial de Lincoln. Mais depuis plusieurs jours, la carte postale est g\u00e2ch\u00e9e par de nouveaux personnages. Des militaires, par groupes de quatre ou cinq, en tenue de camouflage, se joignent \u00e0 la horde de touristes.<\/p>\n<p class=\"sc-ksZaOG ehjQrN text-element\">Leurs v\u00e9hicules blind\u00e9s couleur sable sont gar\u00e9s le long du m\u00e9morial. Et ils patrouillent l\u00e0, dans l\u2019un des endroits les plus s\u00fbrs de la capitale des Etats-Unis, pour s\u2019assurer de sa s\u00e9curit\u00e9. La t\u00e2che est ingrate. L\u2019une des seules occupations que ces militaires peuvent esp\u00e9rer accomplir dans la journ\u00e9e est de prendre en photo les touristes d\u00e9sireux de poser devant leurs v\u00e9hicules. Rien de tr\u00e8s palpitant.<\/p>\n<p class=\"sc-ksZaOG ehjQrN text-element\">La sc\u00e8ne est d\u00e9sormais courante. Car quotidiennement depuis le 11 ao\u00fbt, les militaires de la garde nationale, agents du FBI et policiers se baladent \u00e0 Washington \u00e0 la demande du pr\u00e9sident. Ce jour-l\u00e0, Donald Trump annon\u00e7ait en grande pompe \u00abreprendre\u00bb la capitale, <a href=\"https:\/\/www.liberation.fr\/international\/amerique\/a-washington-800-gardes-nationaux-sont-arrives-sur-place-pour-nettoyer-la-ville-selon-le-pentagone-20250815_RFWH4G7QN5DJPHEJ2DUAODG&lt;\/p&gt;&lt;\/div&gt;&lt;\/article&gt;&lt;\/div&gt;&lt;div data-fusion-lazy-id=\" f0f8vgvlad832fw=\"\" rel=\"nofollow noopener\" target=\"_blank\"><\/p>\n","protected":false},"excerpt":{"rendered":"C\u2019est samedi, le soleil brille, il fait chaud. Sur le Mall, longue bande de pelouse au centre de&hellip;\n","protected":false},"author":2,"featured_media":343170,"comment_status":"","ping_status":"","sticky":false,"template":"","format":"standard","meta":{"footnotes":""},"categories":[5],"tags":[11,75,73,1011,27,14,12,28],"class_list":{"0":"post-343169","1":"post","2":"type-post","3":"status-publish","4":"format-standard","5":"has-post-thumbnail","7":"category-international","8":"tag-actualites","9":"tag-donald-trump","10":"tag-etats-unis","11":"tag-fr","12":"tag-france","13":"tag-international","14":"tag-news","15":"tag-world"},"share_on_mastodon":{"url":"https:\/\/pubeurope.com\/@fr\/115090237927551241","error":""},"_links":{"self":[{"href":"https:\/\/www.europesays.com\/fr\/wp-json\/wp\/v2\/posts\/343169","targetHints":{"allow":["GET"]}}],"collection":[{"href":"https:\/\/www.europesays.com\/fr\/wp-json\/wp\/v2\/posts"}],"about":[{"href":"https:\/\/www.europesays.com\/fr\/wp-json\/wp\/v2\/types\/post"}],"author":[{"embeddable":true,"href":"https:\/\/www.europesays.com\/fr\/wp-json\/wp\/v2\/users\/2"}],"replies":[{"embeddable":true,"href":"https:\/\/www.europesays.com\/fr\/wp-json\/wp\/v2\/comments?post=343169"}],"version-history":[{"count":0,"href":"https:\/\/www.europesays.com\/fr\/wp-json\/wp\/v2\/posts\/343169\/revisions"}],"wp:featuredmedia":[{"embeddable":true,"href":"https:\/\/www.europesays.com\/fr\/wp-json\/wp\/v2\/media\/343170"}],"wp:attachment":[{"href":"https:\/\/www.europesays.com\/fr\/wp-json\/wp\/v2\/media?parent=343169"}],"wp:term":[{"taxonomy":"category","embeddable":true,"href":"https:\/\/www.europesays.com\/fr\/wp-json\/wp\/v2\/categories?post=343169"},{"taxonomy":"post_tag","embeddable":true,"href":"https:\/\/www.europesays.com\/fr\/wp-json\/wp\/v2\/tags?post=343169"}],"curies":[{"name":"wp","href":"https:\/\/api.w.org\/{rel}","templated":true}]}}