{"id":343175,"date":"2025-08-25T16:02:23","date_gmt":"2025-08-25T16:02:23","guid":{"rendered":"https:\/\/www.europesays.com\/fr\/343175\/"},"modified":"2025-08-25T16:02:23","modified_gmt":"2025-08-25T16:02:23","slug":"saint-just-saint-rambert-pour-sa-8e-saison-la-passerelle-poursuit-le-lien-avec-le-public-en-variant-les-styles","status":"publish","type":"post","link":"https:\/\/www.europesays.com\/fr\/343175\/","title":{"rendered":"Saint-Just-Saint-Rambert. Pour sa 8e saison, La Passerelle poursuit le lien avec le public en variant les styles"},"content":{"rendered":"<p>Lor\u00e0nt Deutsch, Moli\u00e8re, Germaine Tillion, Andr\u00e9 Minvielle, Karim Duval, MC Pampille, Fred Radix,\u00a0etc. Pour cette 8e saison culturelle de La Passerelle, la Ville de Saint-Just-Saint-Rambert a la volont\u00e9 de poursuivre le lien avec ses spectateurs en proposant une programmation vari\u00e9e, destin\u00e9e \u00e0 s\u00e9duire toutes les g\u00e9n\u00e9rations et toutes les sensibilit\u00e9s. En maintenant le budget allou\u00e9 \u00e0 la saison, malgr\u00e9 les contraintes \u00e9conomiques, la municipalit\u00e9 s\u2019engage \u00e0 offrir des spectacles de qualit\u00e9 en p\u00e9rennisant et&#8230;<\/p>\n","protected":false},"excerpt":{"rendered":"Lor\u00e0nt Deutsch, Moli\u00e8re, Germaine Tillion, Andr\u00e9 Minvielle, Karim Duval, MC Pampille, Fred Radix,\u00a0etc. Pour cette 8e saison culturelle&hellip;\n","protected":false},"author":2,"featured_media":343176,"comment_status":"","ping_status":"","sticky":false,"template":"","format":"standard","meta":{"footnotes":""},"categories":[9653],"tags":[1111,11,2430,1687,7359,1777,674,1011,27,12,25,4001,20524,20525,3140],"class_list":{"0":"post-343175","1":"post","2":"type-post","3":"status-publish","4":"format-standard","5":"has-post-thumbnail","7":"category-saint-etienne","8":"tag-actu","9":"tag-actualites","10":"tag-auvergne-rhone-alpes","11":"tag-culture-loisirs","12":"tag-edition-loire-centre","13":"tag-eu","14":"tag-europe","15":"tag-fr","16":"tag-france","17":"tag-news","18":"tag-republique-francaise","19":"tag-saint-etienne","20":"tag-saint-just-saint-rambert","21":"tag-saint-just-saint-rambert-ville","22":"tag-spectacle"},"share_on_mastodon":{"url":"https:\/\/pubeurope.com\/@fr\/115090249778916471","error":""},"_links":{"self":[{"href":"https:\/\/www.europesays.com\/fr\/wp-json\/wp\/v2\/posts\/343175","targetHints":{"allow":["GET"]}}],"collection":[{"href":"https:\/\/www.europesays.com\/fr\/wp-json\/wp\/v2\/posts"}],"about":[{"href":"https:\/\/www.europesays.com\/fr\/wp-json\/wp\/v2\/types\/post"}],"author":[{"embeddable":true,"href":"https:\/\/www.europesays.com\/fr\/wp-json\/wp\/v2\/users\/2"}],"replies":[{"embeddable":true,"href":"https:\/\/www.europesays.com\/fr\/wp-json\/wp\/v2\/comments?post=343175"}],"version-history":[{"count":0,"href":"https:\/\/www.europesays.com\/fr\/wp-json\/wp\/v2\/posts\/343175\/revisions"}],"wp:featuredmedia":[{"embeddable":true,"href":"https:\/\/www.europesays.com\/fr\/wp-json\/wp\/v2\/media\/343176"}],"wp:attachment":[{"href":"https:\/\/www.europesays.com\/fr\/wp-json\/wp\/v2\/media?parent=343175"}],"wp:term":[{"taxonomy":"category","embeddable":true,"href":"https:\/\/www.europesays.com\/fr\/wp-json\/wp\/v2\/categories?post=343175"},{"taxonomy":"post_tag","embeddable":true,"href":"https:\/\/www.europesays.com\/fr\/wp-json\/wp\/v2\/tags?post=343175"}],"curies":[{"name":"wp","href":"https:\/\/api.w.org\/{rel}","templated":true}]}}