{"id":343181,"date":"2025-08-25T16:05:20","date_gmt":"2025-08-25T16:05:20","guid":{"rendered":"https:\/\/www.europesays.com\/fr\/343181\/"},"modified":"2025-08-25T16:05:20","modified_gmt":"2025-08-25T16:05:20","slug":"nancy-deces-de-jean-paul-noah-ancien-directeur-de-cabinet-au-grand-nancy","status":"publish","type":"post","link":"https:\/\/www.europesays.com\/fr\/343181\/","title":{"rendered":"Nancy. D\u00e9c\u00e8s de Jean-Paul Noah, ancien directeur de cabinet au Grand Nancy"},"content":{"rendered":"<p>Nous avons appris le d\u00e9c\u00e8s de Jean-Paul Noah, survenu brutalement dans sa 57e ann\u00e9e dans la nuit de jeudi \u00e0 vendredi. Figure nanc\u00e9ienne bien connue, Jean-Paul Noah \u00e9tait impliqu\u00e9 \u00e0 la fois dans le monde culturel, associatif et politique de la cit\u00e9. Il na\u00eet et grandit au Cameroun, et poss\u00e8de d\u2019ailleurs un lien de parent\u00e9 avec <a href=\"https:\/\/www.estrepublicain.fr\/p\/yannick-noah\" target=\"_blank\" rel=\"noopener\">Yannick Noah<\/a>. Apr\u00e8s avoir obtenu son baccalaur\u00e9at, il s\u2019engage dans des \u00e9tudes de droit, obtient une licence, avant de poursuivre son cursus universitaire \u00e0 Lyon, o\u00f9 il d\u00e9croche un DESS en direction de projet culturel.<\/p>\n<p>\u00c0 la faveur d\u2019un stage \u00e0 l\u2019Institut fran\u00e7ais de Rabat, il rencontre Nadine Descendre, sp\u00e9cialis\u00e9e dans la conduite de grands projets et \u00e9v\u00e9nementiels culturels.<\/p>\n<p>Une ville qu&rsquo;il appr\u00e9ciait<\/p>\n<p>Celle-ci le contacte, quelques ann\u00e9es plus tard, pour l\u2019associer \u00e0 la c\u00e9l\u00e9bration du <a href=\"https:\/\/www.estrepublicain.fr\/edition-de-nancy-ville\/2015\/11\/21\/nancy-la-place-stanislas-fete-260-ans-d-histoires\" target=\"_blank\" rel=\"noopener\">250e anniversaire de la place Stanislas<\/a>. Il s\u2019int\u00e8gre d\u2019embl\u00e9e \u00e0 la ville, dont il appr\u00e9cie la douceur de vivre et la richesse culturelle. Remarqu\u00e9 par <a href=\"https:\/\/www.estrepublicain.fr\/p\/andre-rossinot\" target=\"_blank\" rel=\"noopener\">Andr\u00e9 Rossinot<\/a>, il rejoint les services de la ville en tant que charg\u00e9 de mission, d\u00e8s 2002, puis la communaut\u00e9 urbaine du Grand Nancy en 2014, <a href=\"https:\/\/www.estrepublicain.fr\/edition-de-nancy-ville\/2019\/11\/07\/directeurs-de-cabinet-loyaute-et-discretion-requises\" target=\"_blank\" rel=\"noopener\">en qualit\u00e9 de directeur de cabinet,<\/a> poste qu\u2019il occupera jusqu\u2019en 2020.<\/p>\n<p>Depuis, Jean-Paul Noah avait poursuivi sa carri\u00e8re dans la fonction publique, au sein de la pr\u00e9fecture de la Meuse, au service des collectivit\u00e9s locales.<\/p>\n<p>Un homme impliqu\u00e9<\/p>\n<p>En parall\u00e8le, il avait rejoint le mouvement associatif local, en s\u2019impliquant dans de nombreuses structures et mouvements. Rest\u00e9 fid\u00e8le \u00e0 ses racines camerounaises, il fut notamment l\u2019un des cofondateurs et administrateurs <a href=\"https:\/\/www.estrepublicain.fr\/culture-loisirs\/2024\/06\/07\/foire-expo-la-coordination-d-acteurs-et-d-associations-africaines-de-nancy-fait-briller-l-afrique\" target=\"_blank\" rel=\"noopener\">de la CAAAN (Coordination d\u2019acteurs et d\u2019associations africaines de Nancy).<\/a> Il contribua aussi \u00e0 instaurer, \u00e0 Nancy, le Mandela Day.<\/p>\n<p>Humaniste et cultiv\u00e9, loyal et fraternel, Jean-Paul Noah laisse le souvenir d\u2019un homme chaleureux, amoureux de la vie, et dont le rire sonore manquera \u00e0 tous ses amis.<\/p>\n","protected":false},"excerpt":{"rendered":"Nous avons appris le d\u00e9c\u00e8s de Jean-Paul Noah, survenu brutalement dans sa 57e ann\u00e9e dans la nuit de&hellip;\n","protected":false},"author":2,"featured_media":343182,"comment_status":"","ping_status":"","sticky":false,"template":"","format":"standard","meta":{"footnotes":""},"categories":[9635],"tags":[1111,11,9223,1704,1777,674,1011,27,775,1702,1703,1391,12,25,104],"class_list":{"0":"post-343181","1":"post","2":"type-post","3":"status-publish","4":"format-standard","5":"has-post-thumbnail","7":"category-nancy","8":"tag-actu","9":"tag-actualites","10":"tag-carnet-du-jour","11":"tag-edition-nancy-et-agglomeration","12":"tag-eu","13":"tag-europe","14":"tag-fr","15":"tag-france","16":"tag-grand-est","17":"tag-nancy","18":"tag-nancy-ville-54b","19":"tag-necrologie","20":"tag-news","21":"tag-republique-francaise","22":"tag-societe"},"share_on_mastodon":{"url":"https:\/\/pubeurope.com\/@fr\/115090261486410276","error":""},"_links":{"self":[{"href":"https:\/\/www.europesays.com\/fr\/wp-json\/wp\/v2\/posts\/343181","targetHints":{"allow":["GET"]}}],"collection":[{"href":"https:\/\/www.europesays.com\/fr\/wp-json\/wp\/v2\/posts"}],"about":[{"href":"https:\/\/www.europesays.com\/fr\/wp-json\/wp\/v2\/types\/post"}],"author":[{"embeddable":true,"href":"https:\/\/www.europesays.com\/fr\/wp-json\/wp\/v2\/users\/2"}],"replies":[{"embeddable":true,"href":"https:\/\/www.europesays.com\/fr\/wp-json\/wp\/v2\/comments?post=343181"}],"version-history":[{"count":0,"href":"https:\/\/www.europesays.com\/fr\/wp-json\/wp\/v2\/posts\/343181\/revisions"}],"wp:featuredmedia":[{"embeddable":true,"href":"https:\/\/www.europesays.com\/fr\/wp-json\/wp\/v2\/media\/343182"}],"wp:attachment":[{"href":"https:\/\/www.europesays.com\/fr\/wp-json\/wp\/v2\/media?parent=343181"}],"wp:term":[{"taxonomy":"category","embeddable":true,"href":"https:\/\/www.europesays.com\/fr\/wp-json\/wp\/v2\/categories?post=343181"},{"taxonomy":"post_tag","embeddable":true,"href":"https:\/\/www.europesays.com\/fr\/wp-json\/wp\/v2\/tags?post=343181"}],"curies":[{"name":"wp","href":"https:\/\/api.w.org\/{rel}","templated":true}]}}