{"id":343183,"date":"2025-08-25T16:06:09","date_gmt":"2025-08-25T16:06:09","guid":{"rendered":"https:\/\/www.europesays.com\/fr\/343183\/"},"modified":"2025-08-25T16:06:09","modified_gmt":"2025-08-25T16:06:09","slug":"un-conseil-des-ministres-franco-allemand-a-toulon-ce-vendredi","status":"publish","type":"post","link":"https:\/\/www.europesays.com\/fr\/343183\/","title":{"rendered":"Un Conseil des ministres franco-allemand \u00e0 Toulon ce vendredi"},"content":{"rendered":"<p>Toulon accueillera ce vendredi 29 ao\u00fbt le 26e Conseil des ministres franco-allemand. Une vingtaine de ministres fran\u00e7ais et allemands participeront \u00e0 cette r\u00e9union autour du pr\u00e9sident Emmanuel Macron et du chancelier Friedrich Merz. Les sessions pl\u00e9ni\u00e8res auront lieu \u00e0 la pr\u00e9fecture maritime.<\/p>\n<p>L&rsquo;\u00c9lys\u00e9e annonce ce lundi 25 ao\u00fbt que le 26e Conseil des ministres franco-allemand se tiendra en cette fin de semaine \u00e0 Toulon. Le vendredi 29 ao\u00fbt, le pr\u00e9sident de la R\u00e9publique Emmanuel Macron et le chancelier allemand\u00a0Friedrich Merz pr\u00e9sideront ce Conseil depuis la <strong>pr\u00e9fecture maritime de Toulon<\/strong> et en pr\u00e9sence d&rsquo;une vingtaine de ministres fran\u00e7ais et allemands.<\/p>\n<p>Le choix de Toulon<\/p>\n<p>Selon l&rsquo;\u00c9lys\u00e9e, le choix de Toulon s&rsquo;est impos\u00e9 car \u00ab\u00a0la tradition veut que ces Conseils des ministres franco-allemands se tiennent loin des capitales. L&rsquo;an pass\u00e9, nous \u00e9tions au ch\u00e2teau de Meseberg (en Allemagne, NDLR). L&rsquo;id\u00e9e aussi du pr\u00e9sident de la R\u00e9publique \u00e9tait de pouvoir <strong>recevoir le chancelier allemand \u00e0 Br\u00e9gan\u00e7on d\u00e8s le jeudi soir<\/strong>\u00a0pour un d\u00eener de travail et une discussion en t\u00eate-\u00e0-t\u00eate. La logique \u00e9tait donc d&rsquo;organiser\u00a0le Conseil \u00e0 proximit\u00e9\u00a0: \u00e0 la pr\u00e9fecture maritime de Toulon, qui est, de plus, un lieu de prestige\u00a0\u00bb.<\/p>\n<p>Friedrich Merz sera le <strong>troisi\u00e8me chancelier allemand<\/strong> en visite\u00a0au fort de Br\u00e9gan\u00e7on apr\u00e8s\u00a0Helmut Kohl, re\u00e7u par Fran\u00e7ois Mitterrand en 1985, et Angela Merkel, accueillie par Emmanuel Macron en 2020.<\/p>\n<p>Par ailleurs, la m\u00eame source pr\u00e9cise que \u00ab\u00a0compte tenu de notre ambition militaire \u00e0 l&rsquo;heure de p\u00e9rils toujours importants,\u00a0 le couple franco-allemand doit aussi prendre en compte <strong>la dimension m\u00e9diterran\u00e9enne de l&rsquo;Europe<\/strong>\u00ab\u00a0.<\/p>\n<p>Vingt ministres attendus<\/p>\n<p>Emmanuel Macron et\u00a0Friedrich Merz seront accompagn\u00e9s par 20 ministres, 10 fran\u00e7ais et 10 allemands, pour trois sessions pl\u00e9ni\u00e8res qui auront lieu toute la journ\u00e9e de vendredi \u00e0 Toulon.<\/p>\n<p>\u00c0 cette heure, les autorit\u00e9s affirment que ce Conseil des ministres ne devraient pas avoir de grosses <strong>cons\u00e9quences sur le quotidien des Toulonnais<\/strong>, les sessions ayant lieu en un seul et m\u00eame endroit.<\/p>\n","protected":false},"excerpt":{"rendered":"Toulon accueillera ce vendredi 29 ao\u00fbt le 26e Conseil des ministres franco-allemand. Une vingtaine de ministres fran\u00e7ais et&hellip;\n","protected":false},"author":2,"featured_media":343184,"comment_status":"","ping_status":"","sticky":false,"template":"","format":"standard","meta":{"footnotes":""},"categories":[9619],"tags":[1111,11,1777,674,1011,27,12,882,25,2310],"class_list":{"0":"post-343183","1":"post","2":"type-post","3":"status-publish","4":"format-standard","5":"has-post-thumbnail","7":"category-toulon","8":"tag-actu","9":"tag-actualites","10":"tag-eu","11":"tag-europe","12":"tag-fr","13":"tag-france","14":"tag-news","15":"tag-provence-alpes-cote-dazur","16":"tag-republique-francaise","17":"tag-toulon"},"share_on_mastodon":{"url":"https:\/\/pubeurope.com\/@fr\/115090265587174445","error":""},"_links":{"self":[{"href":"https:\/\/www.europesays.com\/fr\/wp-json\/wp\/v2\/posts\/343183","targetHints":{"allow":["GET"]}}],"collection":[{"href":"https:\/\/www.europesays.com\/fr\/wp-json\/wp\/v2\/posts"}],"about":[{"href":"https:\/\/www.europesays.com\/fr\/wp-json\/wp\/v2\/types\/post"}],"author":[{"embeddable":true,"href":"https:\/\/www.europesays.com\/fr\/wp-json\/wp\/v2\/users\/2"}],"replies":[{"embeddable":true,"href":"https:\/\/www.europesays.com\/fr\/wp-json\/wp\/v2\/comments?post=343183"}],"version-history":[{"count":0,"href":"https:\/\/www.europesays.com\/fr\/wp-json\/wp\/v2\/posts\/343183\/revisions"}],"wp:featuredmedia":[{"embeddable":true,"href":"https:\/\/www.europesays.com\/fr\/wp-json\/wp\/v2\/media\/343184"}],"wp:attachment":[{"href":"https:\/\/www.europesays.com\/fr\/wp-json\/wp\/v2\/media?parent=343183"}],"wp:term":[{"taxonomy":"category","embeddable":true,"href":"https:\/\/www.europesays.com\/fr\/wp-json\/wp\/v2\/categories?post=343183"},{"taxonomy":"post_tag","embeddable":true,"href":"https:\/\/www.europesays.com\/fr\/wp-json\/wp\/v2\/tags?post=343183"}],"curies":[{"name":"wp","href":"https:\/\/api.w.org\/{rel}","templated":true}]}}