{"id":343189,"date":"2025-08-25T16:09:11","date_gmt":"2025-08-25T16:09:11","guid":{"rendered":"https:\/\/www.europesays.com\/fr\/343189\/"},"modified":"2025-08-25T16:09:11","modified_gmt":"2025-08-25T16:09:11","slug":"montpellier-deux-soeurs-interpellees-pour-recel-de-voiture-volee-et-defaut-de-permis","status":"publish","type":"post","link":"https:\/\/www.europesays.com\/fr\/343189\/","title":{"rendered":"Montpellier : deux s\u0153urs interpell\u00e9es pour recel de voiture vol\u00e9e et d\u00e9faut de permis"},"content":{"rendered":"<p>Lah propri\u00e9taire l\u00e9gitime du v\u00e9hicule r\u00e9side dans le d\u00e9partement du Gard. Interpell\u00e9es, les deux jeunes femmes sont plac\u00e9es en garde \u00e0 vue. L\u2019a\u00een\u00e9e, n\u00e9e en 1995, explique avoir achet\u00e9 le v\u00e9hicule quelques jours plus t\u00f4t, le mardi pr\u00e9c\u00e9dent, sur le site Leboncoin, pour la somme de 5 000 euros en esp\u00e8ces. Elle affirme ne pas avoir eu connaissance de l\u2019origine frauduleuse du v\u00e9hicule.<\/p>\n","protected":false},"excerpt":{"rendered":"Lah propri\u00e9taire l\u00e9gitime du v\u00e9hicule r\u00e9side dans le d\u00e9partement du Gard. Interpell\u00e9es, les deux jeunes femmes sont plac\u00e9es&hellip;\n","protected":false},"author":2,"featured_media":59641,"comment_status":"","ping_status":"","sticky":false,"template":"","format":"standard","meta":{"footnotes":""},"categories":[9599],"tags":[1111,11,1777,674,1011,27,2208,12,2680,25],"class_list":{"0":"post-343189","1":"post","2":"type-post","3":"status-publish","4":"format-standard","5":"has-post-thumbnail","7":"category-montpellier","8":"tag-actu","9":"tag-actualites","10":"tag-eu","11":"tag-europe","12":"tag-fr","13":"tag-france","14":"tag-montpellier","15":"tag-news","16":"tag-occitanie","17":"tag-republique-francaise"},"share_on_mastodon":{"url":"https:\/\/pubeurope.com\/@fr\/115090277194272628","error":""},"_links":{"self":[{"href":"https:\/\/www.europesays.com\/fr\/wp-json\/wp\/v2\/posts\/343189","targetHints":{"allow":["GET"]}}],"collection":[{"href":"https:\/\/www.europesays.com\/fr\/wp-json\/wp\/v2\/posts"}],"about":[{"href":"https:\/\/www.europesays.com\/fr\/wp-json\/wp\/v2\/types\/post"}],"author":[{"embeddable":true,"href":"https:\/\/www.europesays.com\/fr\/wp-json\/wp\/v2\/users\/2"}],"replies":[{"embeddable":true,"href":"https:\/\/www.europesays.com\/fr\/wp-json\/wp\/v2\/comments?post=343189"}],"version-history":[{"count":0,"href":"https:\/\/www.europesays.com\/fr\/wp-json\/wp\/v2\/posts\/343189\/revisions"}],"wp:featuredmedia":[{"embeddable":true,"href":"https:\/\/www.europesays.com\/fr\/wp-json\/wp\/v2\/media\/59641"}],"wp:attachment":[{"href":"https:\/\/www.europesays.com\/fr\/wp-json\/wp\/v2\/media?parent=343189"}],"wp:term":[{"taxonomy":"category","embeddable":true,"href":"https:\/\/www.europesays.com\/fr\/wp-json\/wp\/v2\/categories?post=343189"},{"taxonomy":"post_tag","embeddable":true,"href":"https:\/\/www.europesays.com\/fr\/wp-json\/wp\/v2\/tags?post=343189"}],"curies":[{"name":"wp","href":"https:\/\/api.w.org\/{rel}","templated":true}]}}