{"id":34319,"date":"2025-04-18T14:57:14","date_gmt":"2025-04-18T14:57:14","guid":{"rendered":"https:\/\/www.europesays.com\/fr\/34319\/"},"modified":"2025-04-18T14:57:14","modified_gmt":"2025-04-18T14:57:14","slug":"canal-cartonne-grace-aux-quarts-de-finale","status":"publish","type":"post","link":"https:\/\/www.europesays.com\/fr\/34319\/","title":{"rendered":"Canal+ cartonne gr\u00e2ce aux quarts de finale &#8230;"},"content":{"rendered":"<p><img width=\"640\" height=\"360\" src=\"https:\/\/www.europesays.com\/fr\/wp-content\/uploads\/2025\/04\/960237.jpg\" class=\"attachment-jannah-image-post size-jannah-image-post wp-post-image\" alt=\"M\u00e9dias\" is_main_img=\"1\" decoding=\"async\" fetchpriority=\"high\"  \/><br \/>\n Image : Icon<br \/>\nSport<\/p>\n<p>Les passionn\u00e9s de football \u00e9taient au rendez-vous cette<br \/>\nsemaine pour les matchs retour des quarts de finale de la<br \/>\n<strong>Ligue des Champions.<\/strong> Canal+ a r\u00e9alis\u00e9<br \/>\nd\u2019excellentes audiences, confirmant l\u2019attrait de la comp\u00e9tition<br \/>\nreine du football europ\u00e9en, notamment gr\u00e2ce \u00e0 la pr\u00e9sence du<br \/>\n<strong>Paris Saint-Germain<\/strong>.<\/p>\n<p>Canal + peut se f\u00e9liciter des excellents chiffres<br \/>\nd\u2019audience enregistr\u00e9s lors de la diffusion des quarts de finale<br \/>\nretour de la <strong>Ligue des Champions<\/strong> cette semaine.<br \/>\nL\u2019intensit\u00e9 et le suspense des rencontres ont captiv\u00e9 un large<br \/>\npublic, confirmant l\u2019attrait ind\u00e9niable de la plus prestigieuse des<br \/>\ncomp\u00e9titions europ\u00e9ennes de clubs. Le match opposant <strong>Aston<br \/>\nVilla<\/strong> au <strong><a href=\"https:\/\/canal-supporters.com\/\" rel=\"nofollow noopener\" target=\"_blank\">Paris Saint-Germain<\/a><\/strong>,<br \/>\ndiffus\u00e9 mardi 15 avril sur Canal+ Foot, a notamment<br \/>\nr\u00e9alis\u00e9 une audience exceptionnelle. Selon les premi\u00e8res<br \/>\nestimations et les informations du <a href=\"https:\/\/www.leparisien.fr\/sports\/football\/ligue-des-champions\/ligue-des-champions-les-tres-bonnes-audiences-tv-de-canal-sur-les-quarts-de-finale-retour-17-04-2025-JY4VSV5HJFHV7EPVP3REEVLBLU.php?at_variant=photo&amp;at_creation=Le%20Parisien%20%7C%20PSG&amp;at_campaign=Partage%20Twitter%20CM&amp;at_medium=Social%20media\" rel=\"nofollow noopener\" target=\"_blank\"><br \/>\nParisien<\/a>, la rencontre a rassembl\u00e9 en moyenne 2,57<br \/>\nmillions de t\u00e9l\u00e9spectateurs, avec un pic \u00e0 pr\u00e8s de 3 millions dans<br \/>\nles moments les plus intenses de la partie. Ce chiffre constitue la<br \/>\ndeuxi\u00e8me meilleure audience historique pour Canal+ Foot,<br \/>\nun v\u00e9ritable succ\u00e8s pour la cha\u00eene crypt\u00e9e. L\u2019engouement ne s\u2019est<br \/>\npas limit\u00e9 au match en direct. L\u2019\u00e9mission d\u2019apr\u00e8s-match,<br \/>\n\u00ab\u00a0Canal Champions Club Le D\u00e9brief\u00a0\u00bb, a \u00e9galement battu<br \/>\nson record de saison en r\u00e9unissant 1,06 million de t\u00e9l\u00e9spectateurs.<br \/>\nPreuve de l\u2019int\u00e9r\u00eat des abonn\u00e9s pour l\u2019analyse et les r\u00e9actions \u00e0<br \/>\nchaud apr\u00e8s ces rencontres cruciales.<\/p>\n<p>Pour la soir\u00e9e de ce mercredi, la manche retour entre le<br \/>\n<strong>Real Madrid<\/strong> et <strong>Arsenal<\/strong> a<br \/>\n\u00e9galement \u00e9t\u00e9 largement suivie en France. En effet, toujours selon<br \/>\nles informations du Parisien, c\u2019est pr\u00e8s de 1,94 millions<br \/>\nde t\u00e9l\u00e9spectateurs qui \u00e9taient r\u00e9unis devant le match de<br \/>\n<strong>Kylian Mbapp\u00e9<\/strong> sur Canal +.<\/p>\n<\/p>\n<p>YouTube : <a href=\"https:\/\/www.youtube.com\/watch?v=QGVEjcrA8gw\" rel=\"nofollow noopener\" target=\"_blank\">Canal Supporters<br \/>\nParis<\/a><\/p>\n","protected":false},"excerpt":{"rendered":"Image : Icon Sport Les passionn\u00e9s de football \u00e9taient au rendez-vous cette semaine pour les matchs retour des&hellip;\n","protected":false},"author":2,"featured_media":34320,"comment_status":"","ping_status":"","sticky":false,"template":"","format":"standard","meta":{"footnotes":""},"categories":[2],"tags":[11236,11237,11,81,1011,27,500,12,91,92,93,11238,96],"class_list":{"0":"post-34319","1":"post","2":"type-post","3":"status-publish","4":"format-standard","5":"has-post-thumbnail","7":"category-actualites","8":"tag-1-4-de-finale-de-c1","9":"tag-1-4-de-finale-de-ldc","10":"tag-actualites","11":"tag-canal-supporters","12":"tag-fr","13":"tag-france","14":"tag-medias","15":"tag-news","16":"tag-paris-saint-germain","17":"tag-paris-sg","18":"tag-psg","19":"tag-quarts-de-finale-de-ligue-des-champions","20":"tag-une"},"share_on_mastodon":{"url":"https:\/\/pubeurope.com\/@fr\/114359556127108430","error":""},"_links":{"self":[{"href":"https:\/\/www.europesays.com\/fr\/wp-json\/wp\/v2\/posts\/34319","targetHints":{"allow":["GET"]}}],"collection":[{"href":"https:\/\/www.europesays.com\/fr\/wp-json\/wp\/v2\/posts"}],"about":[{"href":"https:\/\/www.europesays.com\/fr\/wp-json\/wp\/v2\/types\/post"}],"author":[{"embeddable":true,"href":"https:\/\/www.europesays.com\/fr\/wp-json\/wp\/v2\/users\/2"}],"replies":[{"embeddable":true,"href":"https:\/\/www.europesays.com\/fr\/wp-json\/wp\/v2\/comments?post=34319"}],"version-history":[{"count":0,"href":"https:\/\/www.europesays.com\/fr\/wp-json\/wp\/v2\/posts\/34319\/revisions"}],"wp:featuredmedia":[{"embeddable":true,"href":"https:\/\/www.europesays.com\/fr\/wp-json\/wp\/v2\/media\/34320"}],"wp:attachment":[{"href":"https:\/\/www.europesays.com\/fr\/wp-json\/wp\/v2\/media?parent=34319"}],"wp:term":[{"taxonomy":"category","embeddable":true,"href":"https:\/\/www.europesays.com\/fr\/wp-json\/wp\/v2\/categories?post=34319"},{"taxonomy":"post_tag","embeddable":true,"href":"https:\/\/www.europesays.com\/fr\/wp-json\/wp\/v2\/tags?post=34319"}],"curies":[{"name":"wp","href":"https:\/\/api.w.org\/{rel}","templated":true}]}}