{"id":343192,"date":"2025-08-25T16:14:21","date_gmt":"2025-08-25T16:14:21","guid":{"rendered":"https:\/\/www.europesays.com\/fr\/343192\/"},"modified":"2025-08-25T16:14:21","modified_gmt":"2025-08-25T16:14:21","slug":"isere-lassociation-un-toit-pour-tous-alerte-sur-des-faux-demarcheurs","status":"publish","type":"post","link":"https:\/\/www.europesays.com\/fr\/343192\/","title":{"rendered":"Is\u00e8re. L\u2019association Un toit pour tous alerte sur des faux d\u00e9marcheurs"},"content":{"rendered":"<p>Vigilance\u00a0! L\u2019association Un toit pour tous, dont le si\u00e8ge social se trouve \u00e0 \u00c9chirolles et qui vient en aide aux personnes sans logements, a \u00e9t\u00e9 tr\u00e8s r\u00e9cemment contact\u00e9e par des particuliers d\u00e9march\u00e9s par des faux b\u00e9n\u00e9voles, sur les communes de Meylan et de Claix. Deux habitants de l\u2019agglom\u00e9ration, au moins, auraient effectu\u00e9 un don \u00e0 des personnes \u00ab\u00a0qui se sont fait passer pour des artisans de l\u2019association qui collectent de l\u2019argent au profit\u00a0\u00bb des actions d\u2019Un toit pour tous.<\/p>\n<p>Mais \u00ab\u00a0nous ne faisons jamais de porte \u00e0 porte, insiste la responsable communication de l\u2019association, St\u00e9phanie Rouanet. Il s\u2019agit d\u2019une escroquerie.\u00a0\u00bb<\/p>\n<p>Un toit pour tous, qui a alert\u00e9 la gendarmerie et la police municipale de Claix, souhaite alerter afin \u00ab\u00a0d\u2019\u00e9viter que des habitants se fassent avoir\u00a0\u00bb. Aussi, elle invite les personnes \u00e9ventuellement concern\u00e9es \u00e0 appeler les services de police ou de gendarmerie et \u00e0 porter plainte. Les personnes ayant des doutes peuvent aussi appeler l\u2019association au 04\u00a076\u00a009\u00a026\u00a056.<\/p>\n<p>Enfin, Un toit pour tous rappelle dans un communiqu\u00e9 que ses appels aux dons passent uniquement par son site internet ou des campagnes officielles par mails ou sur les r\u00e9seaux sociaux.<\/p>\n","protected":false},"excerpt":{"rendered":"Vigilance\u00a0! L\u2019association Un toit pour tous, dont le si\u00e8ge social se trouve \u00e0 \u00c9chirolles et qui vient en&hellip;\n","protected":false},"author":2,"featured_media":343193,"comment_status":"","ping_status":"","sticky":false,"template":"","format":"standard","meta":{"footnotes":""},"categories":[9566],"tags":[1111,11,2430,9600,271,272,9852,112,113,1777,674,274,1011,27,2731,108,9597,9598,12,25],"class_list":{"0":"post-343192","1":"post","2":"type-post","3":"status-publish","4":"format-standard","5":"has-post-thumbnail","7":"category-grenoble","8":"tag-actu","9":"tag-actualites","10":"tag-auvergne-rhone-alpes","11":"tag-claix","12":"tag-crime","13":"tag-delit-et-contravention","14":"tag-echirolles","15":"tag-edition-grenoble-agglomeration","16":"tag-edition-gresivaudan-oisans","17":"tag-eu","18":"tag-europe","19":"tag-faits-divers-justice","20":"tag-fr","21":"tag-france","22":"tag-grenoble","23":"tag-isere","24":"tag-meylan","25":"tag-meylan-et-autour","26":"tag-news","27":"tag-republique-francaise"},"share_on_mastodon":{"url":"https:\/\/pubeurope.com\/@fr\/115090297326474437","error":""},"_links":{"self":[{"href":"https:\/\/www.europesays.com\/fr\/wp-json\/wp\/v2\/posts\/343192","targetHints":{"allow":["GET"]}}],"collection":[{"href":"https:\/\/www.europesays.com\/fr\/wp-json\/wp\/v2\/posts"}],"about":[{"href":"https:\/\/www.europesays.com\/fr\/wp-json\/wp\/v2\/types\/post"}],"author":[{"embeddable":true,"href":"https:\/\/www.europesays.com\/fr\/wp-json\/wp\/v2\/users\/2"}],"replies":[{"embeddable":true,"href":"https:\/\/www.europesays.com\/fr\/wp-json\/wp\/v2\/comments?post=343192"}],"version-history":[{"count":0,"href":"https:\/\/www.europesays.com\/fr\/wp-json\/wp\/v2\/posts\/343192\/revisions"}],"wp:featuredmedia":[{"embeddable":true,"href":"https:\/\/www.europesays.com\/fr\/wp-json\/wp\/v2\/media\/343193"}],"wp:attachment":[{"href":"https:\/\/www.europesays.com\/fr\/wp-json\/wp\/v2\/media?parent=343192"}],"wp:term":[{"taxonomy":"category","embeddable":true,"href":"https:\/\/www.europesays.com\/fr\/wp-json\/wp\/v2\/categories?post=343192"},{"taxonomy":"post_tag","embeddable":true,"href":"https:\/\/www.europesays.com\/fr\/wp-json\/wp\/v2\/tags?post=343192"}],"curies":[{"name":"wp","href":"https:\/\/api.w.org\/{rel}","templated":true}]}}