{"id":343194,"date":"2025-08-25T16:15:22","date_gmt":"2025-08-25T16:15:22","guid":{"rendered":"https:\/\/www.europesays.com\/fr\/343194\/"},"modified":"2025-08-25T16:15:22","modified_gmt":"2025-08-25T16:15:22","slug":"imagine-ton-glacier-ii-jour-1-dormir-en-montagne-echosciences","status":"publish","type":"post","link":"https:\/\/www.europesays.com\/fr\/343194\/","title":{"rendered":"Imagine ton glacier II \u2013 Jour 1 \u2013 dormir en montagne | ECHOSCIENCES"},"content":{"rendered":"<p>Tout a commenc\u00e9 dans le Tri\u00e8ves dans la mont\u00e9e du Pas du Serpaton \u00e0 &#13;<br \/>\ndeux pas de la station de ski de Gresse-en-Vercors. Il s\u2019agit de la &#13;<br \/>\njourn\u00e9e d\u2019entra\u00eenement, afin que tout le monde puisse s\u2019apprivoiser &#13;<br \/>\n(nous compris) en douceur avant d\u2019\u00eatre plong\u00e9s au plus pr\u00e8s des &#13;<br \/>\nglaciers. Certains se connaissent d\u00e9j\u00e0 pour s\u2019\u00eatre cotoy\u00e9s lors des &#13;<br \/>\ndiff\u00e9rentes sessions de <a href=\"https:\/\/neveasso.fr\/tribu-du-futur\/\" target=\"_blank\" rel=\"noopener\">Tribus du Futur<\/a>.&#13;<br \/>\n D\u2019autres se d\u00e9couvrent, entre timidit\u00e9 et curiosit\u00e9. Cette premi\u00e8re &#13;<br \/>\njourn\u00e9e est l\u2019occasion de toucher du doigt les probl\u00e9matiques de &#13;<br \/>\ntransition en montagne, notamment par rapport \u00e0 celles de la station de <a href=\"https:\/\/france3-regions.franceinfo.fr\/auvergne-rhone-alpes\/isere\/video-gresse-en-vercors-polemique-autour-de-l-installation-de-nouveaux-canons-a-neige-2019910.html\" target=\"_blank\" rel=\"noopener\">ski de Gresse-en-Vercors<\/a>.&#13;<br \/>\n Ce premier test physique sera en fait l\u2019\u00e9tape avec quasiment le plus de&#13;<br \/>\n d\u00e9nivel\u00e9 par rapport aux trois autres jours au sein du massif des &#13;<br \/>\nEcrins.<\/p>\n<p>Le massif des Ecrins est un paradis pour ceux et celles qui aiment la&#13;<br \/>\n montagne. Il s\u2019agit d\u2019un Parc National qui b\u00e9n\u00e9ficie d\u2019un statut &#13;<br \/>\nimportant de protection environnementale. Le massif abrite encore une &#13;<br \/>\nsurface d\u2019environ 70 km2 de glaciers.<\/p>\n<p>Un paysage marqu\u00e9 par les anciens glaciers<\/p>\n<p>Revenons \u00e0 nos jeunes du Tri\u00e8ves. En fin de matin\u00e9e nous sommes pr\u00eats&#13;<br \/>\n \u00e0 d\u00e9marrer sacs sur le dos. La mont\u00e9e est d\u2019embl\u00e9e plut\u00f4t raide. Il &#13;<br \/>\nnous faut passer le pas d\u2019Anna Falque, un verrou glaciaire qu\u2019il faut &#13;<br \/>\nfranchir pour pouvoir arriver sur le bel alpage situ\u00e9 tout autour du &#13;<br \/>\nrefuge de l\u2019Alpe de Villar d\u2019Ar\u00eane. Dans la mont\u00e9e, les corps &#13;<br \/>\ns\u2019accoutument au poids des sacs et tout le monde passe a peu pr\u00e8s sans &#13;<br \/>\nencombre.<\/p>\n<p>Une fois sur l\u2019alpage, il nous faut traverser au milieu des habitants&#13;<br \/>\n permanents estivaux de l\u2019alpage, \u00e0 savoir les troupeaux de vaches. Tout&#13;<br \/>\n se passe sans encombre, m\u00eame si ces animaux de plus de 500 kilos sont &#13;<br \/>\ntr\u00e8s impressionnants. Dans notre direction de progression, vers le sud, &#13;<br \/>\nnous apercevons la montagne des Agneaux, sommet embl\u00e9matique des Ecrins.&#13;<br \/>\n Sur la droite, c\u2019est le groupe de la Grande Ruine, qui culmine \u00e0 3765 m&#13;<br \/>\n d\u2019altitude. Toute la vall\u00e9e en contrebas ressemble \u00e0 une auge, &#13;<br \/>\nindication qu\u2019elle a \u00e9t\u00e9 creus\u00e9e par un glacier qui \u00e9tait pr\u00e9sent il y a&#13;<br \/>\n plus de 20 000 ans lors de la derni\u00e8re p\u00e9riode glaciaire.<\/p>\n<p><a href=\"https:\/\/neveasso.fr\/projet-jeunes-2025-jour1-arsine-vaches\/\" target=\"_blank\" rel=\"noopener\"><img loading=\"lazy\" decoding=\"async\" src=\"https:\/\/www.europesays.com\/fr\/wp-content\/uploads\/2025\/08\/Projet-Jeunes-2025-Jour1-Arsine-Vaches.jpg\" alt=\"Des jeunes du Tri&#xE8;ves marchent dans le massif des Ecrins et passent &#xE0; c&#xF4;t&#xE9; d'une vache\" width=\"499\" height=\"499\" style=\"width: 499px; max-width: 499px; height: 499px;\"\/><\/a><\/p>\n<p class=\"align-left\">Contournement d\u00e9licat mais serein.<\/p>\n<p>Le refuge se rapprochant, le groupe&#13;<br \/>\n prend de la coh\u00e9sion au fil des \u00e9changes et de l\u2019effort commun. Les &#13;<br \/>\npaysages sont \u00e0 couper le souffle, la diminution de l\u2019oxyg\u00e8ne par &#13;<br \/>\nrapport au Tri\u00e8ves \u00e9galement, m\u00eame si l\u2019altitude est modeste par rapport&#13;<br \/>\n aux jours prochains. Le refuge de l\u2019Alpe de Villard d\u2019Ar\u00eane est en vue,&#13;<br \/>\n nich\u00e9 \u00e0 un peu plus de 2000 m d\u2019altitude. Il s\u2019agit d\u2019un grand refuge &#13;<br \/>\npouvant accueillir presque une centaine de personnes. La plupart des &#13;<br \/>\ngens sont des randonneurs ici.<\/p>\n<p><a href=\"https:\/\/neveasso.fr\/projet-jeunes-2025-jour1-arsine-groupe-2\/\" target=\"_blank\" rel=\"noopener\"><img loading=\"lazy\" decoding=\"async\" src=\"https:\/\/www.europesays.com\/fr\/wp-content\/uploads\/2025\/08\/Projet-Jeunes-2025-Jour1-Arsine-Groupe-1.jpg\" alt=\"Un groupe d'adolescents du Tri&#xE8;ves dans le massif des Ecrins\" width=\"493\" height=\"328\" style=\"width: 493px; max-width: 493px; height: 328px;\"\/><\/a><\/p>\n<p class=\"align-left\">Le groupe au complet.<\/p>\n<p>L\u2019effort est l\u00e0, mais la coh\u00e9sion de groupe aussi<\/p>\n<p>Mais l\u2019heure n\u2019est pas encore \u00e0 la r\u00eaverie au refuge. C\u2019est dur de &#13;<br \/>\nles remotiver mais il existe une zone int\u00e9ressante qui donne des &#13;<br \/>\ninformations sur le recul glaciaire d\u00fb au changement climatique. Tout le&#13;<br \/>\n monde all\u00e8ge son sac et se remet en route vers le col d\u2019Arsine plus au &#13;<br \/>\nsud. La difficult\u00e9 \u00e0 se remettre en route c\u00e8de rapidement la place \u00e0 une&#13;<br \/>\n impression de libert\u00e9 au milieu de ces montagnes. L\u2019objectif est &#13;<br \/>\nd\u2019atteindre un point suffisamment proche de la moraine du glacier &#13;<br \/>\nd\u2019Arsine. Une moraine est un tas de cailloux instable qui est laiss\u00e9 par&#13;<br \/>\n un glacier lorsque le front de celui-ci recule, c\u2019est-\u00e0-dire qu\u2019il &#13;<br \/>\nremonte en altitude. Cette moraine fait plusieurs dizaines de m\u00e8tres de &#13;<br \/>\nhauteur et permet de se rendre compte de la taille du glacier il y a &#13;<br \/>\nenviron une centaine d\u2019ann\u00e9es. Mais en regardant dans la direction &#13;<br \/>\noppos\u00e9e, c\u2019est \u00e0 dire vers le nord, il est \u00e9galement possible de &#13;<br \/>\ns\u2019imaginer les glaciers de la derni\u00e8re p\u00e9riode glaciaire, ceux-l\u00e0 m\u00eame &#13;<br \/>\nqui naissaient dans les Ecrins et qui contribuaient \u00e0 une \u00e9paisseur de &#13;<br \/>\nglace de plus de 1 km coulant au-dessus de l\u2019actuel emplacement de la &#13;<br \/>\nville de Grenoble. C\u2019est difficile \u00e0 imaginer m\u00eame si ces anciens g\u00e9ants&#13;<br \/>\n ont pu laisser des traces de leur passage : moraines, rochers &#13;<br \/>\nerratiques, stries glaciaires, <a href=\"https:\/\/fr.wikipedia.org\/wiki\/Trimline\" target=\"_blank\" rel=\"noopener\">trimlines<\/a>, \u2026<\/p>\n<p><a href=\"https:\/\/neveasso.fr\/projet-jeunes-2025-jour1-arsine-refuge-2\/\" target=\"_blank\" rel=\"noopener\"><img loading=\"lazy\" decoding=\"async\" src=\"https:\/\/www.europesays.com\/fr\/wp-content\/uploads\/2025\/08\/Projet-Jeunes-2025-Jour1-Arsine-Refuge-1-1024x683.jpg\" alt=\"Un groupe d'adolescents du Tri&#xE8;ves dans le massif des Ecrins au refuge de l'Alpe de Villar d'Ar&#xEA;ne\" width=\"547\" height=\"365\" style=\"width: 547px; max-width: 547px; height: 365px;\"\/><\/a><\/p>\n<p class=\"align-left\">La coh\u00e9sion du groupe n\u2019a pas mis longtemps \u00e0 se mettre en place, ici un Loup Garou qui d\u00e9marre.<\/p>\n<p>Une tr\u00e8s belle premi\u00e8re journ\u00e9e &#13;<br \/>\npass\u00e9e ensemble et d\u00e9j\u00e0 \u00e9norm\u00e9ment de d\u00e9couvertes pour ces jeunes. &#13;<br \/>\nNotamment cette premi\u00e8re nuit et ce premier repas en refuge pour la &#13;<br \/>\nplupart.<\/p>\n<p><a href=\"https:\/\/neveasso.fr\/imagine-ton-glacier-ii-jour-1-dormir-en-montagne\/\" target=\"_blank\" rel=\"noopener\">Article original<\/a><\/p>\n","protected":false},"excerpt":{"rendered":"Tout a commenc\u00e9 dans le Tri\u00e8ves dans la mont\u00e9e du Pas du Serpaton \u00e0 &#13; deux pas de&hellip;\n","protected":false},"author":2,"featured_media":343195,"comment_status":"","ping_status":"","sticky":false,"template":"","format":"standard","meta":{"footnotes":""},"categories":[9566],"tags":[1111,11,2430,1777,674,1011,27,2731,12,25],"class_list":{"0":"post-343194","1":"post","2":"type-post","3":"status-publish","4":"format-standard","5":"has-post-thumbnail","7":"category-grenoble","8":"tag-actu","9":"tag-actualites","10":"tag-auvergne-rhone-alpes","11":"tag-eu","12":"tag-europe","13":"tag-fr","14":"tag-france","15":"tag-grenoble","16":"tag-news","17":"tag-republique-francaise"},"share_on_mastodon":{"url":"https:\/\/pubeurope.com\/@fr\/115090300971087106","error":""},"_links":{"self":[{"href":"https:\/\/www.europesays.com\/fr\/wp-json\/wp\/v2\/posts\/343194","targetHints":{"allow":["GET"]}}],"collection":[{"href":"https:\/\/www.europesays.com\/fr\/wp-json\/wp\/v2\/posts"}],"about":[{"href":"https:\/\/www.europesays.com\/fr\/wp-json\/wp\/v2\/types\/post"}],"author":[{"embeddable":true,"href":"https:\/\/www.europesays.com\/fr\/wp-json\/wp\/v2\/users\/2"}],"replies":[{"embeddable":true,"href":"https:\/\/www.europesays.com\/fr\/wp-json\/wp\/v2\/comments?post=343194"}],"version-history":[{"count":0,"href":"https:\/\/www.europesays.com\/fr\/wp-json\/wp\/v2\/posts\/343194\/revisions"}],"wp:featuredmedia":[{"embeddable":true,"href":"https:\/\/www.europesays.com\/fr\/wp-json\/wp\/v2\/media\/343195"}],"wp:attachment":[{"href":"https:\/\/www.europesays.com\/fr\/wp-json\/wp\/v2\/media?parent=343194"}],"wp:term":[{"taxonomy":"category","embeddable":true,"href":"https:\/\/www.europesays.com\/fr\/wp-json\/wp\/v2\/categories?post=343194"},{"taxonomy":"post_tag","embeddable":true,"href":"https:\/\/www.europesays.com\/fr\/wp-json\/wp\/v2\/tags?post=343194"}],"curies":[{"name":"wp","href":"https:\/\/api.w.org\/{rel}","templated":true}]}}