{"id":343198,"date":"2025-08-25T16:17:10","date_gmt":"2025-08-25T16:17:10","guid":{"rendered":"https:\/\/www.europesays.com\/fr\/343198\/"},"modified":"2025-08-25T16:17:10","modified_gmt":"2025-08-25T16:17:10","slug":"mauvaise-nouvelle-pour-rennes-harder-proche-de-rejoindre-lac-milan","status":"publish","type":"post","link":"https:\/\/www.europesays.com\/fr\/343198\/","title":{"rendered":"mauvaise nouvelle pour Rennes, Harder proche de rejoindre l&rsquo;AC Milan"},"content":{"rendered":"<p>Annonc\u00e9 proche de rejoindre le Stade Rennes lors du mercato estival, Conrad Harder pourrait finalement snober le club breton pour signer \u00e0 l\u2019AC Milan qui a trouv\u00e9 un accord avec le Sporting Portugal.<\/p>\n<p>Buteur samedi en sortie de banc lors du succ\u00e8s du Sporting en championnat, <a href=\"https:\/\/rmcsport.bfmtv.com\/football\/transferts\/mercato-rennes-serait-proche-d-un-accord-avec-le-sporting-pour-l-attaquant-conrad-harder_AV-202508220139.html\" title=\"Mercato: Rennes serait proche d&#039;un accord avec le Sporting pour l&#039;attaquant Conrad Harder\" class=\"internal_link\" rel=\"nofollow noopener\" target=\"_blank\">Conrad Harder<\/a> a peut-\u00eatre inscrit son dernier pion avec le club lisbo\u00e8te. Annonc\u00e9 avec insistance du c\u00f4t\u00e9 de <a href=\"https:\/\/rmcsport.bfmtv.com\/football\/ligue-1\/lorient-rennes-frustre-par-son-exclusion-christopher-wooh-s-est-retrouve-a-l-hopital-apres-un-geste-d-humeur_AV-202508240277.html\" title=\"Lorient-Rennes: frustr\u00e9 par son exclusion, Christopher Wooh s&#039;est retrouv\u00e9 \u00e0 l&#039;h\u00f4pital apr\u00e8s un geste d&#039;humeur\" class=\"internal_link\" rel=\"nofollow noopener\" target=\"_blank\">Rennes<\/a>, le Danois devrait bien changer d\u2019air lors du mercato estival. Mais plut\u00f4t que la Bretagne, son avenir semble s\u2019\u00e9crire en Italie.<\/p>\n<p>Malgr\u00e9 d\u2019intenses discussions entre la direction bretonne et le Sporting, c\u2019est l\u2019AC Milan qui pourrait rafler la mise et obtenir la signature de l\u2019attaquant de 20 ans. Selon les infirmations du journaliste Fabrizio Romano et de plusieurs m\u00e9dias comme la <a href=\"https:\/\/www.gazzetta.it\/Calcio\/Calciomercato\/Milan\/24-08-2025\/milan-ora-tutto-su-harder-il-danese-e-molto-vicino.shtml?refresh_ce\" target=\"_blank\" class=\"external_link\" rel=\"nofollow noopener\">Gazzetta dello Sports<\/a>, les Portugais et les Rossoneri sont parvenus \u00e0 un accord pour un transfert du prometteur buteur.<\/p>\n<p><a href=\"https:\/\/rmcsport.bfmtv.com\/football\/transferts\/direct-mercato-toutes-les-infos-et-rumeurs-de-transfert-du-25-aout-en-live_LN-202508250221.html\" title=\"DIRECT. Mercato: Emerson Palmieri proche de l&#039;OM, le PSG avance sur le d\u00e9part de Tenas\" class=\"internal_link\" rel=\"nofollow noopener\" target=\"_blank\">&gt;&gt; Toutes les infos et rumeurs du mercato<\/a><\/p>\n<p>Une derni\u00e8re chance pour Rennes?<\/p>\n<p>Si les discussions des derniers jours avec Rennes semblaient tourner autour de 20 millions d\u2019euros, <a href=\"https:\/\/rmcsport.bfmtv.com\/football\/serie-a\/ac-milan_DN-202308300530.html\" title=\"AC Milan\" class=\"internal_link\" rel=\"nofollow noopener\" target=\"_blank\">l\u2019AC Milan<\/a> a propos\u00e9 un peu plus pour obtenir un accord avec le Sporting. Pour recruter Conrad Harder, le club lombard d\u00e9bourserait ainsi 24 millions d\u2019euros auxquels pourraient s\u2019ajouter des bonus (environ 3 millions d\u2019euros) et un int\u00e9ressement \u00e0 hauteur de 10% sur une possible plus-value.<\/p>\n<p>Si Rennes semble sur le point de se faire griller par l\u2019AC Milan pour un espoir qui reste sur une campagne 2024-2025 \u00e0 13 buts et 10 passes d\u00e9cisives en 54 apparitions, le club breton n\u2019a peut-\u00eatre pas dit son dernier mot. Et pour cause, les Rossoneri n&rsquo;ont pas encore trouv\u00e9 d\u2019accord contractuel avec Conrad Harder et le Stade Rennais continue de discuter avec son entourage.<\/p>\n<p>La possibilit\u00e9 d\u2019obtenir un temps de jeu plus important en Bretagne pourrait jouer en faveur de la formation de Ligue 1. Encore faut-il conclure un accord avec le Sporting pour un joueur achet\u00e9 un peu moins de 20 millions d\u2019euros en septembre 2024.<\/p>\n","protected":false},"excerpt":{"rendered":"Annonc\u00e9 proche de rejoindre le Stade Rennes lors du mercato estival, Conrad Harder pourrait finalement snober le club&hellip;\n","protected":false},"author":2,"featured_media":343199,"comment_status":"","ping_status":"","sticky":false,"template":"","format":"standard","meta":{"footnotes":""},"categories":[2821],"tags":[1111,11,829,1777,674,1011,27,12,584,25],"class_list":{"0":"post-343198","1":"post","2":"type-post","3":"status-publish","4":"format-standard","5":"has-post-thumbnail","7":"category-rennes","8":"tag-actu","9":"tag-actualites","10":"tag-bretagne","11":"tag-eu","12":"tag-europe","13":"tag-fr","14":"tag-france","15":"tag-news","16":"tag-rennes","17":"tag-republique-francaise"},"share_on_mastodon":{"url":"https:\/\/pubeurope.com\/@fr\/115090308752416185","error":""},"_links":{"self":[{"href":"https:\/\/www.europesays.com\/fr\/wp-json\/wp\/v2\/posts\/343198","targetHints":{"allow":["GET"]}}],"collection":[{"href":"https:\/\/www.europesays.com\/fr\/wp-json\/wp\/v2\/posts"}],"about":[{"href":"https:\/\/www.europesays.com\/fr\/wp-json\/wp\/v2\/types\/post"}],"author":[{"embeddable":true,"href":"https:\/\/www.europesays.com\/fr\/wp-json\/wp\/v2\/users\/2"}],"replies":[{"embeddable":true,"href":"https:\/\/www.europesays.com\/fr\/wp-json\/wp\/v2\/comments?post=343198"}],"version-history":[{"count":0,"href":"https:\/\/www.europesays.com\/fr\/wp-json\/wp\/v2\/posts\/343198\/revisions"}],"wp:featuredmedia":[{"embeddable":true,"href":"https:\/\/www.europesays.com\/fr\/wp-json\/wp\/v2\/media\/343199"}],"wp:attachment":[{"href":"https:\/\/www.europesays.com\/fr\/wp-json\/wp\/v2\/media?parent=343198"}],"wp:term":[{"taxonomy":"category","embeddable":true,"href":"https:\/\/www.europesays.com\/fr\/wp-json\/wp\/v2\/categories?post=343198"},{"taxonomy":"post_tag","embeddable":true,"href":"https:\/\/www.europesays.com\/fr\/wp-json\/wp\/v2\/tags?post=343198"}],"curies":[{"name":"wp","href":"https:\/\/api.w.org\/{rel}","templated":true}]}}