{"id":343200,"date":"2025-08-25T16:18:12","date_gmt":"2025-08-25T16:18:12","guid":{"rendered":"https:\/\/www.europesays.com\/fr\/343200\/"},"modified":"2025-08-25T16:18:12","modified_gmt":"2025-08-25T16:18:12","slug":"lete-se-termine-les-bassins-vides-et-les-installations-ephemeres-remisees","status":"publish","type":"post","link":"https:\/\/www.europesays.com\/fr\/343200\/","title":{"rendered":"l&rsquo;\u00e9t\u00e9 se termine, les bassins vid\u00e9s et les installations \u00e9ph\u00e9m\u00e8res remis\u00e9es"},"content":{"rendered":"<p>C\u2019est un peu d\u2019\u00e9t\u00e9 qui s\u2019en va avant l\u2019heure\u00a0: le mini-corridor de fra\u00eecheur a quitt\u00e9 la place Kl\u00e9ber ce lundi 25\u00a0ao\u00fbt. Du c\u00f4t\u00e9 de la rue des Grandes-Arcades, <a href=\"https:\/\/www.dna.fr\/culture-loisirs\/2025\/04\/02\/les-jets-d-eau-et-les-fontaines-d-ornement-sortent-de-l-hiver\" target=\"_blank\" rel=\"nofollow noopener\">le coin oasis (saison 6) avec ses installations \u00e9ph\u00e9m\u00e8res<\/a> s\u2019est \u00e9vapor\u00e9. La douzaine de bancs incurv\u00e9s \u00e0 lattes, pris d\u2019assaut par les touristes et les passants en qu\u00eate de chaises longues, avait en effet disparu vers midi. Cet espace de d\u00e9tente et de bronzage, bien moins v\u00e9g\u00e9tal que les ann\u00e9es pass\u00e9es, a manifestement \u00e9t\u00e9 remis\u00e9. Exit ses parasols et sa structure bois\u00e9e en forme de petite arche, avec son petit dispositif de brumisation.<\/p>\n<p>Devant l\u2019Aubette, le pendant de cette oasis de fra\u00eecheur a lui aussi pli\u00e9 bagage\u00a0: les <a href=\"https:\/\/www.dna.fr\/environnement\/2024\/07\/15\/cours-de-jouvence-pour-les-bassins-et-jets-d-eau-du-palais-u\" target=\"_blank\" rel=\"nofollow noopener\">deux bassins avec jets d\u2019eau<\/a> ont soudainement \u00e9t\u00e9 remplac\u00e9s par un plancher en bois bien moins \u00e9l\u00e9gant devant l\u2019Aubette. Le soleil au z\u00e9nith et les temp\u00e9ratures qui sont \u00e0 nouveau estivales font pourtant encore illusion. Tout comme le calendrier qui semble s\u2019attarder, avec paresse, sur la page du mois d\u2019ao\u00fbt. Il n\u2019en demeure pas moins que sans ces bassins, jets d\u2019eau et installations \u00e9ph\u00e9m\u00e8res, c\u2019est un peu l\u2019automne et sa pr\u00e9rentr\u00e9e qui se sont install\u00e9s, sans transition, au centre-ville.<\/p>\n","protected":false},"excerpt":{"rendered":"C\u2019est un peu d\u2019\u00e9t\u00e9 qui s\u2019en va avant l\u2019heure\u00a0: le mini-corridor de fra\u00eecheur a quitt\u00e9 la place Kl\u00e9ber&hellip;\n","protected":false},"author":2,"featured_media":343201,"comment_status":"","ping_status":"","sticky":false,"template":"","format":"standard","meta":{"footnotes":""},"categories":[2820],"tags":[1111,11,2389,2649,1687,2880,436,1777,674,107,1011,27,775,12,25,640,2879],"class_list":{"0":"post-343200","1":"post","2":"type-post","3":"status-publish","4":"format-standard","5":"has-post-thumbnail","7":"category-strasbourg","8":"tag-actu","9":"tag-actualites","10":"tag-alsace","11":"tag-bas-rhin","12":"tag-culture-loisirs","13":"tag-edition-strasbourg","14":"tag-environnement","15":"tag-eu","16":"tag-europe","17":"tag-fil-info","18":"tag-fr","19":"tag-france","20":"tag-grand-est","21":"tag-news","22":"tag-republique-francaise","23":"tag-strasbourg","24":"tag-strasbourg-ville"},"share_on_mastodon":{"url":"https:\/\/pubeurope.com\/@fr\/115090312648603084","error":""},"_links":{"self":[{"href":"https:\/\/www.europesays.com\/fr\/wp-json\/wp\/v2\/posts\/343200","targetHints":{"allow":["GET"]}}],"collection":[{"href":"https:\/\/www.europesays.com\/fr\/wp-json\/wp\/v2\/posts"}],"about":[{"href":"https:\/\/www.europesays.com\/fr\/wp-json\/wp\/v2\/types\/post"}],"author":[{"embeddable":true,"href":"https:\/\/www.europesays.com\/fr\/wp-json\/wp\/v2\/users\/2"}],"replies":[{"embeddable":true,"href":"https:\/\/www.europesays.com\/fr\/wp-json\/wp\/v2\/comments?post=343200"}],"version-history":[{"count":0,"href":"https:\/\/www.europesays.com\/fr\/wp-json\/wp\/v2\/posts\/343200\/revisions"}],"wp:featuredmedia":[{"embeddable":true,"href":"https:\/\/www.europesays.com\/fr\/wp-json\/wp\/v2\/media\/343201"}],"wp:attachment":[{"href":"https:\/\/www.europesays.com\/fr\/wp-json\/wp\/v2\/media?parent=343200"}],"wp:term":[{"taxonomy":"category","embeddable":true,"href":"https:\/\/www.europesays.com\/fr\/wp-json\/wp\/v2\/categories?post=343200"},{"taxonomy":"post_tag","embeddable":true,"href":"https:\/\/www.europesays.com\/fr\/wp-json\/wp\/v2\/tags?post=343200"}],"curies":[{"name":"wp","href":"https:\/\/api.w.org\/{rel}","templated":true}]}}