{"id":343202,"date":"2025-08-25T16:19:10","date_gmt":"2025-08-25T16:19:10","guid":{"rendered":"https:\/\/www.europesays.com\/fr\/343202\/"},"modified":"2025-08-25T16:19:10","modified_gmt":"2025-08-25T16:19:10","slug":"strasbourg-fait-appel-de-son-annulation-par-le-tribunal-administratif","status":"publish","type":"post","link":"https:\/\/www.europesays.com\/fr\/343202\/","title":{"rendered":"Strasbourg fait appel de son annulation par le tribunal administratif"},"content":{"rendered":"<p>            Par<br \/>\n        <strong><br \/>\n            <a href=\"https:\/\/actu.fr\/auteur\/olivia-kouassi\" title=\"Consulter tous les articles de Olivia Kouassi\" target=\"_blank\" rel=\"noopener\">Olivia Kouassi<\/a><br \/>\n        <\/strong><\/p>\n<p>        Publi\u00e9 le<\/p>\n<p>            25 ao\u00fbt 2025 \u00e0 18h03        <\/p>\n<p>Il avait \u00e9t\u00e9 instaur\u00e9 en septembre\u00a02024 pour les agentes de la collectivit\u00e9. Le <strong>cong\u00e9 sant\u00e9 gyn\u00e9cologique \u2013<\/strong>\u00a0plus commun\u00e9ment nomm\u00e9 <strong>cong\u00e9 menstruel \u2013<\/strong> mis en place par la Ville et l\u2019Eurom\u00e9tropole de <a href=\"https:\/\/actu.fr\/strasbourg\/\" target=\"_blank\" rel=\"noopener\">Strasbourg<\/a>, avait \u00e9t\u00e9 retoqu\u00e9 par la justice en juin 2025. <strong>Une d\u00e9cision dont la collectivit\u00e9 a annonc\u00e9 faire appel ce lundi.<\/strong><\/p>\n<p>Une absence de cadre l\u00e9gislatif national<\/p>\n<p class=\" wall-content\">Ce <strong>dispositif exp\u00e9rimental<\/strong> port\u00e9 <strong>\u00ab\u2009en raison de l\u2019absence de cadre l\u00e9gislatif national\u2009\u00bb<\/strong>, avait \u00e9t\u00e9 adopt\u00e9 \u00e0 l\u2019unanimit\u00e9 lors du conseil municipal en mai 2024, pour une dur\u00e9e de deux ans. Il comprenait la possibilit\u00e9 pour les femmes souffrant de r\u00e8gles douloureuses, d\u2019endom\u00e9triose et de sympt\u00f4mes li\u00e9s \u00e0 la m\u00e9nopause <strong>de b\u00e9n\u00e9ficier de treize jours par an<\/strong> sous la forme d\u2019une autorisation sp\u00e9ciale d\u2019absence (ASA).<\/p>\n<p class=\" wall-content\">C\u2019est ce volet qui a \u00e9t\u00e9<strong> d\u00e9clar\u00e9 comme \u00ab\u2009non conforme au droit\u2009\u00bb<\/strong> par la justice, apr\u00e8s avoir \u00e9t\u00e9 attaqu\u00e9 par l\u2019ancienne pr\u00e9f\u00e8te du Bas-Rhin, Josiane Chevalier. Pour la maire de Strasbourg,<a href=\"https:\/\/actu.fr\/tag\/jeanne-barseghian\" target=\"_blank\" rel=\"noopener\"> Jeanne Barseghian<\/a>, <strong>cette d\u00e9cision est un \u00ab\u2009tr\u00e8s mauvais signal\u2009\u00bb<\/strong> envoy\u00e9, alors que la France \u00ab\u2009est d\u00e9j\u00e0 en retard sur la question\u2009\u00bb par rapport \u00e0 d\u2019autres pays d\u2019Europe, comme l\u2019Espagne ou le Portugal.<strong> \u00ab\u2009C\u2019est une avanc\u00e9e sociale, soci\u00e9tale et f\u00e9ministe\u2009\u00bb, a d\u00e9clar\u00e9 l\u2019\u00e9dile.<\/strong><\/p>\n<p>Des arguments juridiques<\/p>\n<p class=\" wall-content\">La collectivit\u00e9, qui <strong>plaide pour un appel suspensif,<\/strong> estime \u00ab\u2009avoir des arguments juridiques \u00e0 faire valoir\u2009\u00bb. Avant sa suspension, 69 agentes avaient b\u00e9n\u00e9fici\u00e9 du dispositif.<\/p>\n<p class=\" wall-content\">En parall\u00e8le,<strong> une proposition de loi visant \u00e0 cr\u00e9er un arr\u00eat de travail indemnis\u00e9 et un am\u00e9nagement en t\u00e9l\u00e9travail pour menstruations incapacitantes<\/strong> a \u00e9t\u00e9 d\u00e9pos\u00e9e en avril\u00a02025.<\/p>\n<p class=\" wall-content\">Personnalisez votre actualit\u00e9 en ajoutant vos villes et m\u00e9dias en favori avec <a href=\"https:\/\/moncompte.actu.fr\" title=\"D\u00e9couvez Mon Actu\" rel=\"nofollow noopener\" data-trk=\"{&quot;cta&quot;:{&quot;action&quot;:&quot;https:\\\/\\\/moncompte.actu.fr&quot;,&quot;category&quot;:&quot;mon compte&quot;,&quot;from&quot;:&quot;article footer&quot;,&quot;name&quot;:&quot;Mon actu&quot;,&quot;type&quot;:&quot;cta&quot;}}\" target=\"_blank\">Mon Actu<\/a>.<\/p>\n","protected":false},"excerpt":{"rendered":"Par Olivia Kouassi Publi\u00e9 le 25 ao\u00fbt 2025 \u00e0 18h03 Il avait \u00e9t\u00e9 instaur\u00e9 en septembre\u00a02024 pour les&hellip;\n","protected":false},"author":2,"featured_media":343203,"comment_status":"","ping_status":"","sticky":false,"template":"","format":"standard","meta":{"footnotes":""},"categories":[2820],"tags":[1111,11,1777,5342,674,1011,27,775,7125,12,25,104,640],"class_list":{"0":"post-343202","1":"post","2":"type-post","3":"status-publish","4":"format-standard","5":"has-post-thumbnail","7":"category-strasbourg","8":"tag-actu","9":"tag-actualites","10":"tag-eu","11":"tag-eurometropole-de-strasbourg","12":"tag-europe","13":"tag-fr","14":"tag-france","15":"tag-grand-est","16":"tag-jeanne-barseghian","17":"tag-news","18":"tag-republique-francaise","19":"tag-societe","20":"tag-strasbourg"},"share_on_mastodon":{"url":"https:\/\/pubeurope.com\/@fr\/115090316616298138","error":""},"_links":{"self":[{"href":"https:\/\/www.europesays.com\/fr\/wp-json\/wp\/v2\/posts\/343202","targetHints":{"allow":["GET"]}}],"collection":[{"href":"https:\/\/www.europesays.com\/fr\/wp-json\/wp\/v2\/posts"}],"about":[{"href":"https:\/\/www.europesays.com\/fr\/wp-json\/wp\/v2\/types\/post"}],"author":[{"embeddable":true,"href":"https:\/\/www.europesays.com\/fr\/wp-json\/wp\/v2\/users\/2"}],"replies":[{"embeddable":true,"href":"https:\/\/www.europesays.com\/fr\/wp-json\/wp\/v2\/comments?post=343202"}],"version-history":[{"count":0,"href":"https:\/\/www.europesays.com\/fr\/wp-json\/wp\/v2\/posts\/343202\/revisions"}],"wp:featuredmedia":[{"embeddable":true,"href":"https:\/\/www.europesays.com\/fr\/wp-json\/wp\/v2\/media\/343203"}],"wp:attachment":[{"href":"https:\/\/www.europesays.com\/fr\/wp-json\/wp\/v2\/media?parent=343202"}],"wp:term":[{"taxonomy":"category","embeddable":true,"href":"https:\/\/www.europesays.com\/fr\/wp-json\/wp\/v2\/categories?post=343202"},{"taxonomy":"post_tag","embeddable":true,"href":"https:\/\/www.europesays.com\/fr\/wp-json\/wp\/v2\/tags?post=343202"}],"curies":[{"name":"wp","href":"https:\/\/api.w.org\/{rel}","templated":true}]}}