{"id":343206,"date":"2025-08-25T16:21:11","date_gmt":"2025-08-25T16:21:11","guid":{"rendered":"https:\/\/www.europesays.com\/fr\/343206\/"},"modified":"2025-08-25T16:21:11","modified_gmt":"2025-08-25T16:21:11","slug":"logc-nice-veut-se-faire-preter-le-joueur-du-benfica-lisbonne-tiago-gouveia","status":"publish","type":"post","link":"https:\/\/www.europesays.com\/fr\/343206\/","title":{"rendered":"L&rsquo;OGC Nice veut se faire pr\u00eater le joueur du Benfica Lisbonne Tiago Gouveia"},"content":{"rendered":"<p>Si le joueur de 24 ans, \u00e0 l&rsquo;aise en fran\u00e7ais, a d\u00e9j\u00e0 donn\u00e9 son accord pour rejoindre Nice, le club lisbo\u00e8te \u00e9tait ce lundi encore en r\u00e9flexion \u00e0 propos d\u2019un \u00e9l\u00e9ment form\u00e9 \u00e0 Benfica et tr\u00e8s appr\u00e9ci\u00e9 des supporters.<\/p>\n<p>Gouveia, suivi par le directeur sportif Florian Maurice depuis un certain moment, est en qu\u00eate de minutes, lui qui a peu jou\u00e9 la saison derni\u00e8re (11 apparitions dont 3 lors du Mondial des clubs). Il n\u2019\u00e9tait pas non plus entr\u00e9 en jeu lors de la double opposition contre le Gym au troisi\u00e8me tour pr\u00e9liminaire de la Ligue des champions.<\/p>\n<p>D\u00e9j\u00e0 pr\u00eat\u00e9 lors de la saison 2022-2023, il avait en revanche r\u00e9alis\u00e9 une saison pleine \u00e0 Estoril avec 30 matchs disput\u00e9s (5 buts, 5 passes). Ailier de formation, capable d\u2019\u00e9voluer lat\u00e9ral ou piston, \u00e0 droite comme \u00e0 gauche, Tiago Gouveia a l\u2019atout de la polyvalence et pourrait offrir diff\u00e9rentes solutions \u00e0 Franck Haise au cours de la saison. Si son arriv\u00e9e se concr\u00e9tise, elle devrait \u00eatre la derni\u00e8re, sauf d\u00e9parts importants (Boga, Rosario ?) qui seront compens\u00e9s.<\/p>\n<p>Clauss parti pour rester?<\/p>\n<p>S\u00e9duit par l\u2019id\u00e9e de rejoindre le Bayer Leverkusen qui le courtise depuis plusieurs semaines, Jonathan Clauss pourrait de son c\u00f4t\u00e9 finalement rester \u00e0 l\u2019OGC Nice.<\/p>\n<p>Tr\u00e8s \u00e9loign\u00e9es d\u00e8s le d\u00e9part, les positions des deux clubs ne se sont pas rapproch\u00e9es et, sauf changement de braquet radical du Bayer (qui proposerait selon nos informations la moiti\u00e9 de ce que le Gym esp\u00e8re), un accord parait aujourd\u2019hui difficilement imaginable.<\/p>\n","protected":false},"excerpt":{"rendered":"Si le joueur de 24 ans, \u00e0 l&rsquo;aise en fran\u00e7ais, a d\u00e9j\u00e0 donn\u00e9 son accord pour rejoindre Nice,&hellip;\n","protected":false},"author":2,"featured_media":343207,"comment_status":"","ping_status":"","sticky":false,"template":"","format":"standard","meta":{"footnotes":""},"categories":[2819],"tags":[1111,11,1777,674,63,1011,27,12,2401,882,25,60],"class_list":{"0":"post-343206","1":"post","2":"type-post","3":"status-publish","4":"format-standard","5":"has-post-thumbnail","7":"category-nice","8":"tag-actu","9":"tag-actualites","10":"tag-eu","11":"tag-europe","12":"tag-football","13":"tag-fr","14":"tag-france","15":"tag-news","16":"tag-nice","17":"tag-provence-alpes-cote-dazur","18":"tag-republique-francaise","19":"tag-sports"},"share_on_mastodon":{"url":"https:\/\/pubeurope.com\/@fr\/115090324478038369","error":""},"_links":{"self":[{"href":"https:\/\/www.europesays.com\/fr\/wp-json\/wp\/v2\/posts\/343206","targetHints":{"allow":["GET"]}}],"collection":[{"href":"https:\/\/www.europesays.com\/fr\/wp-json\/wp\/v2\/posts"}],"about":[{"href":"https:\/\/www.europesays.com\/fr\/wp-json\/wp\/v2\/types\/post"}],"author":[{"embeddable":true,"href":"https:\/\/www.europesays.com\/fr\/wp-json\/wp\/v2\/users\/2"}],"replies":[{"embeddable":true,"href":"https:\/\/www.europesays.com\/fr\/wp-json\/wp\/v2\/comments?post=343206"}],"version-history":[{"count":0,"href":"https:\/\/www.europesays.com\/fr\/wp-json\/wp\/v2\/posts\/343206\/revisions"}],"wp:featuredmedia":[{"embeddable":true,"href":"https:\/\/www.europesays.com\/fr\/wp-json\/wp\/v2\/media\/343207"}],"wp:attachment":[{"href":"https:\/\/www.europesays.com\/fr\/wp-json\/wp\/v2\/media?parent=343206"}],"wp:term":[{"taxonomy":"category","embeddable":true,"href":"https:\/\/www.europesays.com\/fr\/wp-json\/wp\/v2\/categories?post=343206"},{"taxonomy":"post_tag","embeddable":true,"href":"https:\/\/www.europesays.com\/fr\/wp-json\/wp\/v2\/tags?post=343206"}],"curies":[{"name":"wp","href":"https:\/\/api.w.org\/{rel}","templated":true}]}}