{"id":343208,"date":"2025-08-25T16:22:11","date_gmt":"2025-08-25T16:22:11","guid":{"rendered":"https:\/\/www.europesays.com\/fr\/343208\/"},"modified":"2025-08-25T16:22:11","modified_gmt":"2025-08-25T16:22:11","slug":"interruption-du-trafic-ferroviaire-entre-nantes-et-clisson-en-raison-dun-incendie","status":"publish","type":"post","link":"https:\/\/www.europesays.com\/fr\/343208\/","title":{"rendered":"Interruption du trafic ferroviaire entre Nantes et Clisson en raison d\u2019un incendie"},"content":{"rendered":"<p>            Par<br \/>\n        <strong><br \/>\n            <a href=\"https:\/\/actu.fr\/auteur\/laurent-fortin\" title=\"Consulter tous les articles de Laurent Fortin\" target=\"_blank\" rel=\"noopener\">Laurent Fortin<\/a><br \/>\n        <\/strong><\/p>\n<p>        Publi\u00e9 le<\/p>\n<p>            25 ao\u00fbt 2025 \u00e0 18h12        <\/p>\n<p>La <b>circulation des trains entre Clisson et Nantes<\/b> a \u00e9t\u00e9 <b>bloqu\u00e9e dans les deux sens<\/b> ce <b>lundi 25\u00a0ao\u00fbt,<\/b> \u00e0 partir de 15\u2009h\u200930. La raison\u2009: un <b>feu de v\u00e9g\u00e9tation <\/b>qui s\u2019est d\u00e9clar\u00e9 dans un <b>pr\u00e9 \u00e0 proximit\u00e9 des rails<\/b> au niveau du <a href=\"https:\/\/www.geoportail.gouv.fr\/carte\" target=\"_blank\" rel=\"noopener\">Pont de grenouiller<\/a> au <a href=\"https:\/\/actu.fr\/pays-de-la-loire\/le-pallet_44117\" target=\"_blank\" rel=\"noopener\"><b>Pallet<\/b><\/a>.<\/p>\n<p>Deux hectares br\u00fbl\u00e9s<\/p>\n<p class=\" wall-content\">Un secteur situ\u00e9 tout pr\u00e8s du passage \u00e0 niveau du giratoire des Quatre-routes. <b>Deux hectares ont br\u00fbl\u00e9<\/b>. La vingtaine de pompiers d\u00e9p\u00each\u00e9s sur place a pu fixer l\u2019incendie vers 17\u2009h.<a href=\"https:\/\/x.com\/TERPays2LaLoire\/status\/1959992686846640582\"> La SNCF a annonc\u00e9 la reprise du trafic vers 18\u2009h.<\/a><\/p>\n<p class=\" wall-content\">Personnalisez votre actualit\u00e9 en ajoutant vos villes et m\u00e9dias en favori avec <a href=\"https:\/\/moncompte.actu.fr\" title=\"D\u00e9couvez Mon Actu\" rel=\"nofollow noopener\" data-trk=\"{&quot;cta&quot;:{&quot;action&quot;:&quot;https:\\\/\\\/moncompte.actu.fr&quot;,&quot;category&quot;:&quot;mon compte&quot;,&quot;from&quot;:&quot;article footer&quot;,&quot;name&quot;:&quot;Mon actu&quot;,&quot;type&quot;:&quot;cta&quot;}}\" target=\"_blank\">Mon Actu<\/a>.<\/p>\n","protected":false},"excerpt":{"rendered":"Par Laurent Fortin Publi\u00e9 le 25 ao\u00fbt 2025 \u00e0 18h12 La circulation des trains entre Clisson et Nantes&hellip;\n","protected":false},"author":2,"featured_media":343209,"comment_status":"","ping_status":"","sticky":false,"template":"","format":"standard","meta":{"footnotes":""},"categories":[2818],"tags":[1111,11,1777,674,118,1011,27,1310,766,12,2636,1311,25,2900],"class_list":{"0":"post-343208","1":"post","2":"type-post","3":"status-publish","4":"format-standard","5":"has-post-thumbnail","7":"category-nantes","8":"tag-actu","9":"tag-actualites","10":"tag-eu","11":"tag-europe","12":"tag-faits-divers","13":"tag-fr","14":"tag-france","15":"tag-incendie","16":"tag-nantes","17":"tag-news","18":"tag-pays-de-la-loire","19":"tag-pompiers","20":"tag-republique-francaise","21":"tag-vignoble-nantais"},"share_on_mastodon":{"url":"https:\/\/pubeurope.com\/@fr\/115090328335059721","error":""},"_links":{"self":[{"href":"https:\/\/www.europesays.com\/fr\/wp-json\/wp\/v2\/posts\/343208","targetHints":{"allow":["GET"]}}],"collection":[{"href":"https:\/\/www.europesays.com\/fr\/wp-json\/wp\/v2\/posts"}],"about":[{"href":"https:\/\/www.europesays.com\/fr\/wp-json\/wp\/v2\/types\/post"}],"author":[{"embeddable":true,"href":"https:\/\/www.europesays.com\/fr\/wp-json\/wp\/v2\/users\/2"}],"replies":[{"embeddable":true,"href":"https:\/\/www.europesays.com\/fr\/wp-json\/wp\/v2\/comments?post=343208"}],"version-history":[{"count":0,"href":"https:\/\/www.europesays.com\/fr\/wp-json\/wp\/v2\/posts\/343208\/revisions"}],"wp:featuredmedia":[{"embeddable":true,"href":"https:\/\/www.europesays.com\/fr\/wp-json\/wp\/v2\/media\/343209"}],"wp:attachment":[{"href":"https:\/\/www.europesays.com\/fr\/wp-json\/wp\/v2\/media?parent=343208"}],"wp:term":[{"taxonomy":"category","embeddable":true,"href":"https:\/\/www.europesays.com\/fr\/wp-json\/wp\/v2\/categories?post=343208"},{"taxonomy":"post_tag","embeddable":true,"href":"https:\/\/www.europesays.com\/fr\/wp-json\/wp\/v2\/tags?post=343208"}],"curies":[{"name":"wp","href":"https:\/\/api.w.org\/{rel}","templated":true}]}}