{"id":34321,"date":"2025-04-18T14:58:13","date_gmt":"2025-04-18T14:58:13","guid":{"rendered":"https:\/\/www.europesays.com\/fr\/34321\/"},"modified":"2025-04-18T14:58:13","modified_gmt":"2025-04-18T14:58:13","slug":"la-cite-des-aines-seme-deja-la-discorde","status":"publish","type":"post","link":"https:\/\/www.europesays.com\/fr\/34321\/","title":{"rendered":"la cit\u00e9 des a\u00een\u00e9s s\u00e8me d\u00e9j\u00e0 la discorde"},"content":{"rendered":"<p>Le projet de cit\u00e9 des a\u00een\u00e9s est officiellement sur les rails, depuis la signature de la convention avec les partenaires (A\u00e9sio, Deux fleuves habitat, Habitat et M\u00e9tropole) en mairie, le 11\u00a0mars dernier.<\/p>\n<p>De quoi faire grincer les dents de l\u2019opposition\u2026 Les \u00e9lus des deux groupes le disent haut et fort\u00a0: les choses n\u2019ont pas \u00e9t\u00e9 faites dans l\u2019ordre. Lors <a href=\"https:\/\/www.leprogres.fr\/politique\/2025\/01\/30\/orientations-budgetaires-l-impossible-entente-entre-majorite-et-opposition\" target=\"_blank\" rel=\"nofollow noopener\">du conseil municipal du 29\u00a0janvier<\/a>, la convention d\u2019\u00e9tudes et de partenariat devait \u00eatre valid\u00e9e en conseil municipal. Mais Marc Petit et Anne-Sophie Putot ont demand\u00e9 un report du vote car des pi\u00e8ces annexes \u00e9taient manquantes. Report refus\u00e9 par Julien Luya et point valid\u00e9 par la majorit\u00e9. S\u2019en est donc suivie la signature officielle en mairie, qui a act\u00e9 le projet.<\/p>\n<p>Un recours aupr\u00e8s du pr\u00e9fet et un nouveau vote en conseil municipal<\/p>\n<p>Mais les oppositions&#8230;<\/p>\n","protected":false},"excerpt":{"rendered":"Le projet de cit\u00e9 des a\u00een\u00e9s est officiellement sur les rails, depuis la signature de la convention avec&hellip;\n","protected":false},"author":2,"featured_media":34322,"comment_status":"","ping_status":"","sticky":false,"template":"","format":"standard","meta":{"footnotes":""},"categories":[9653],"tags":[1111,11,2430,1984,7539,1777,674,10282,10283,1011,27,12,316,25,4001],"class_list":{"0":"post-34321","1":"post","2":"type-post","3":"status-publish","4":"format-standard","5":"has-post-thumbnail","7":"category-saint-etienne","8":"tag-actu","9":"tag-actualites","10":"tag-auvergne-rhone-alpes","11":"tag-conseil-municipal","12":"tag-edition-loire-sud","13":"tag-eu","14":"tag-europe","15":"tag-firminy","16":"tag-firminy-ville","17":"tag-fr","18":"tag-france","19":"tag-news","20":"tag-politique","21":"tag-republique-francaise","22":"tag-saint-etienne"},"share_on_mastodon":{"url":"https:\/\/pubeurope.com\/@fr\/114359560068139783","error":""},"_links":{"self":[{"href":"https:\/\/www.europesays.com\/fr\/wp-json\/wp\/v2\/posts\/34321","targetHints":{"allow":["GET"]}}],"collection":[{"href":"https:\/\/www.europesays.com\/fr\/wp-json\/wp\/v2\/posts"}],"about":[{"href":"https:\/\/www.europesays.com\/fr\/wp-json\/wp\/v2\/types\/post"}],"author":[{"embeddable":true,"href":"https:\/\/www.europesays.com\/fr\/wp-json\/wp\/v2\/users\/2"}],"replies":[{"embeddable":true,"href":"https:\/\/www.europesays.com\/fr\/wp-json\/wp\/v2\/comments?post=34321"}],"version-history":[{"count":0,"href":"https:\/\/www.europesays.com\/fr\/wp-json\/wp\/v2\/posts\/34321\/revisions"}],"wp:featuredmedia":[{"embeddable":true,"href":"https:\/\/www.europesays.com\/fr\/wp-json\/wp\/v2\/media\/34322"}],"wp:attachment":[{"href":"https:\/\/www.europesays.com\/fr\/wp-json\/wp\/v2\/media?parent=34321"}],"wp:term":[{"taxonomy":"category","embeddable":true,"href":"https:\/\/www.europesays.com\/fr\/wp-json\/wp\/v2\/categories?post=34321"},{"taxonomy":"post_tag","embeddable":true,"href":"https:\/\/www.europesays.com\/fr\/wp-json\/wp\/v2\/tags?post=34321"}],"curies":[{"name":"wp","href":"https:\/\/api.w.org\/{rel}","templated":true}]}}