{"id":343210,"date":"2025-08-25T16:23:10","date_gmt":"2025-08-25T16:23:10","guid":{"rendered":"https:\/\/www.europesays.com\/fr\/343210\/"},"modified":"2025-08-25T16:23:10","modified_gmt":"2025-08-25T16:23:10","slug":"la-circulation-des-trains-interrompue-entre-nantes-et-la-roche-sur-yon-a-cause-dun-incendie-au-pallet","status":"publish","type":"post","link":"https:\/\/www.europesays.com\/fr\/343210\/","title":{"rendered":"La circulation des trains interrompue entre Nantes et La Roche-sur-Yon \u00e0 cause d&rsquo;un incendie au Pallet"},"content":{"rendered":"<p>Un nouveau feu de v\u00e9g\u00e9tation s&rsquo;est d\u00e9clar\u00e9 au Pallet, dans le Vignoble Nantais, ce lundi apr\u00e8s-midi, \u00e0 proximit\u00e9 des voies SNCF. La circulation des trains a d\u00fb \u00eatre interrompue entre Nantes et La Roche-sur-Yon. <\/p>\n<p><strong>Un incendie s&rsquo;est d\u00e9clar\u00e9 au sud-ouest de Nantes<\/strong>, ce lundi apr\u00e8s-midi 25 ao\u00fbt 2025. Plus pr\u00e9cis\u00e9ment sur la commune du Pallet, dans le Vignoble Nantais, au niveau du Pont-Grenouiller. Ce sont des herbes qui ont pris feu, <strong>\u00e0 proximit\u00e9 de la voie ferr\u00e9e<\/strong> entre Nantes et La Roche-sur-Yon. La circulation des trains a d\u00fb \u00eatre interrompue dans les deux sens. Le feu est fix\u00e9, ce lundi en fin d&rsquo;apr\u00e8s-midi, apr\u00e8s avoir parcouru <strong>deux hectares<\/strong>, indiquent les pompiers. TER Pays de la Loire esp\u00e8re, de son c\u00f4t\u00e9, une reprise de la circulation des trains \u00e0 18 heures.<\/p>\n<p>Ce lundi, un obstacle sur les voies perturbe aussi grandement <strong>la circulation des trains entre Nantes, Saint-Nazaire et Le Croisic<\/strong>. \u00c0 ce niveau-l\u00e0, le retour \u00e0 la normale est pr\u00e9vu pour 20 heures.<\/p>\n","protected":false},"excerpt":{"rendered":"Un nouveau feu de v\u00e9g\u00e9tation s&rsquo;est d\u00e9clar\u00e9 au Pallet, dans le Vignoble Nantais, ce lundi apr\u00e8s-midi, \u00e0 proximit\u00e9&hellip;\n","protected":false},"author":2,"featured_media":343211,"comment_status":"","ping_status":"","sticky":false,"template":"","format":"standard","meta":{"footnotes":""},"categories":[2818],"tags":[1111,11,1777,674,1011,27,766,12,2636,25],"class_list":{"0":"post-343210","1":"post","2":"type-post","3":"status-publish","4":"format-standard","5":"has-post-thumbnail","7":"category-nantes","8":"tag-actu","9":"tag-actualites","10":"tag-eu","11":"tag-europe","12":"tag-fr","13":"tag-france","14":"tag-nantes","15":"tag-news","16":"tag-pays-de-la-loire","17":"tag-republique-francaise"},"share_on_mastodon":{"url":"https:\/\/pubeurope.com\/@fr\/115090332295027602","error":""},"_links":{"self":[{"href":"https:\/\/www.europesays.com\/fr\/wp-json\/wp\/v2\/posts\/343210","targetHints":{"allow":["GET"]}}],"collection":[{"href":"https:\/\/www.europesays.com\/fr\/wp-json\/wp\/v2\/posts"}],"about":[{"href":"https:\/\/www.europesays.com\/fr\/wp-json\/wp\/v2\/types\/post"}],"author":[{"embeddable":true,"href":"https:\/\/www.europesays.com\/fr\/wp-json\/wp\/v2\/users\/2"}],"replies":[{"embeddable":true,"href":"https:\/\/www.europesays.com\/fr\/wp-json\/wp\/v2\/comments?post=343210"}],"version-history":[{"count":0,"href":"https:\/\/www.europesays.com\/fr\/wp-json\/wp\/v2\/posts\/343210\/revisions"}],"wp:featuredmedia":[{"embeddable":true,"href":"https:\/\/www.europesays.com\/fr\/wp-json\/wp\/v2\/media\/343211"}],"wp:attachment":[{"href":"https:\/\/www.europesays.com\/fr\/wp-json\/wp\/v2\/media?parent=343210"}],"wp:term":[{"taxonomy":"category","embeddable":true,"href":"https:\/\/www.europesays.com\/fr\/wp-json\/wp\/v2\/categories?post=343210"},{"taxonomy":"post_tag","embeddable":true,"href":"https:\/\/www.europesays.com\/fr\/wp-json\/wp\/v2\/tags?post=343210"}],"curies":[{"name":"wp","href":"https:\/\/api.w.org\/{rel}","templated":true}]}}