{"id":343214,"date":"2025-08-25T16:25:17","date_gmt":"2025-08-25T16:25:17","guid":{"rendered":"https:\/\/www.europesays.com\/fr\/343214\/"},"modified":"2025-08-25T16:25:17","modified_gmt":"2025-08-25T16:25:17","slug":"a-la-rentree-le-tram-b-sera-interrompu-pendant-plusieurs-soirees-consecutives","status":"publish","type":"post","link":"https:\/\/www.europesays.com\/fr\/343214\/","title":{"rendered":"\u00e0 la rentr\u00e9e, le tram B sera interrompu pendant plusieurs soir\u00e9es cons\u00e9cutives"},"content":{"rendered":"<p>            Par<br \/>\n        <strong><br \/>\n            <a href=\"https:\/\/actu.fr\/auteur\/redaction-bordeaux\" title=\"Consulter tous les articles de R\u00e9daction Bordeaux\" target=\"_blank\" rel=\"noopener\">R\u00e9daction Bordeaux<\/a><br \/>\n        <\/strong><\/p>\n<p>        Publi\u00e9 le<\/p>\n<p>            25 ao\u00fbt 2025 \u00e0 17h43        <\/p>\n<p>Attention si vous empruntez <strong>la ligne de tram B<\/strong> de la m\u00e9tropole bordelaise. Des interruptions nocturnes sont pr\u00e9vues pour cette rentr\u00e9e de septembre 2025, indique le r\u00e9seau <a href=\"https:\/\/actu.fr\/tag\/tbm\" target=\"_blank\" rel=\"noopener\">TBM.<\/a><\/p>\n<p>Les trams interrompus d\u00e8s 20h30<\/p>\n<p class=\" wall-content\">Le service sera <strong>interrompu du lundi 1er au vendredi 5 septembre<\/strong> inclus, d\u00e8s 20h30 et jusqu\u2019\u00e0 la fin de service. Les tramways ne circuleront plus entre la station <strong>Quinconces et les terminus<\/strong> <a href=\"https:\/\/actu.fr\/nouvelle-aquitaine\/pessac_33318\" target=\"_blank\" rel=\"noopener\">Pessac<\/a> Centre \/ Pessac Alouette.\u00a0<\/p>\n<p class=\" wall-content\">\n<p class=\" wall-content\">Des <strong>bus relais seront mis en place<\/strong> pour assurer le <a href=\"https:\/\/actu.fr\/tag\/transport\" target=\"_blank\" rel=\"noopener\">transport<\/a> des voyageurs.\u00a0<\/p>\n<p class=\" wall-content\">Personnalisez votre actualit\u00e9 en ajoutant vos villes et m\u00e9dias en favori avec <a href=\"https:\/\/moncompte.actu.fr\" title=\"D\u00e9couvez Mon Actu\" rel=\"nofollow noopener\" data-trk=\"{&quot;cta&quot;:{&quot;action&quot;:&quot;https:\\\/\\\/moncompte.actu.fr&quot;,&quot;category&quot;:&quot;mon compte&quot;,&quot;from&quot;:&quot;article footer&quot;,&quot;name&quot;:&quot;Mon actu&quot;,&quot;type&quot;:&quot;cta&quot;}}\" target=\"_blank\">Mon Actu<\/a>.<\/p>\n","protected":false},"excerpt":{"rendered":"Par R\u00e9daction Bordeaux Publi\u00e9 le 25 ao\u00fbt 2025 \u00e0 17h43 Attention si vous empruntez la ligne de tram&hellip;\n","protected":false},"author":2,"featured_media":343215,"comment_status":"","ping_status":"","sticky":false,"template":"","format":"standard","meta":{"footnotes":""},"categories":[2817],"tags":[1111,11,1997,3542,1777,674,1011,27,12,2219,25,104,7952,2803],"class_list":{"0":"post-343214","1":"post","2":"type-post","3":"status-publish","4":"format-standard","5":"has-post-thumbnail","7":"category-bordeaux","8":"tag-actu","9":"tag-actualites","10":"tag-bordeaux","11":"tag-circulation","12":"tag-eu","13":"tag-europe","14":"tag-fr","15":"tag-france","16":"tag-news","17":"tag-nouvelle-aquitaine","18":"tag-republique-francaise","19":"tag-societe","20":"tag-tbm","21":"tag-transport"},"share_on_mastodon":{"url":"https:\/\/pubeurope.com\/@fr\/115090340204598300","error":""},"_links":{"self":[{"href":"https:\/\/www.europesays.com\/fr\/wp-json\/wp\/v2\/posts\/343214","targetHints":{"allow":["GET"]}}],"collection":[{"href":"https:\/\/www.europesays.com\/fr\/wp-json\/wp\/v2\/posts"}],"about":[{"href":"https:\/\/www.europesays.com\/fr\/wp-json\/wp\/v2\/types\/post"}],"author":[{"embeddable":true,"href":"https:\/\/www.europesays.com\/fr\/wp-json\/wp\/v2\/users\/2"}],"replies":[{"embeddable":true,"href":"https:\/\/www.europesays.com\/fr\/wp-json\/wp\/v2\/comments?post=343214"}],"version-history":[{"count":0,"href":"https:\/\/www.europesays.com\/fr\/wp-json\/wp\/v2\/posts\/343214\/revisions"}],"wp:featuredmedia":[{"embeddable":true,"href":"https:\/\/www.europesays.com\/fr\/wp-json\/wp\/v2\/media\/343215"}],"wp:attachment":[{"href":"https:\/\/www.europesays.com\/fr\/wp-json\/wp\/v2\/media?parent=343214"}],"wp:term":[{"taxonomy":"category","embeddable":true,"href":"https:\/\/www.europesays.com\/fr\/wp-json\/wp\/v2\/categories?post=343214"},{"taxonomy":"post_tag","embeddable":true,"href":"https:\/\/www.europesays.com\/fr\/wp-json\/wp\/v2\/tags?post=343214"}],"curies":[{"name":"wp","href":"https:\/\/api.w.org\/{rel}","templated":true}]}}