{"id":343216,"date":"2025-08-25T16:26:13","date_gmt":"2025-08-25T16:26:13","guid":{"rendered":"https:\/\/www.europesays.com\/fr\/343216\/"},"modified":"2025-08-25T16:26:13","modified_gmt":"2025-08-25T16:26:13","slug":"pour-un-zero-imprime-en-trop-linstallation-dune-pergola-a-100-000-euros-cree-la-polemique-a-toulouse","status":"publish","type":"post","link":"https:\/\/www.europesays.com\/fr\/343216\/","title":{"rendered":"Pour un z\u00e9ro imprim\u00e9 en trop, l&rsquo;installation d&rsquo;une pergola \u00e0 \u00ab\u00a0100 000 euros\u00a0\u00bb cr\u00e9e la pol\u00e9mique \u00e0 Toulouse"},"content":{"rendered":"<p>            Par<br \/>\n        <strong><br \/>\n            <a href=\"https:\/\/actu.fr\/auteur\/enzo-legros\" title=\"Consulter tous les articles de Enzo Legros\" rel=\"nofollow noopener\" target=\"_blank\">Enzo Legros<\/a><br \/>\n        <\/strong><\/p>\n<p>        Publi\u00e9 le<\/p>\n<p>            25 ao\u00fbt 2025 \u00e0 17h54        <\/p>\n<p>Une image a fait grincer les dents de nombreux Toulousains sur les r\u00e9seaux sociaux. Celle d\u2019un panneau, debout \u00e0 quelques m\u00e8tres d\u2019une pergola en bois, annon\u00e7ant le prix \u00e0 6 chiffres de l\u2019installation de cette derni\u00e8re, fra\u00eechement apport\u00e9e au Jardin de la Salade, dans le quartier des Minimes <a href=\"https:\/\/actu.fr\/toulouse\/\" rel=\"nofollow noopener\" target=\"_blank\">\u00e0 Toulouse<\/a>. Selon l\u2019affichage, la structure aurait co\u00fbt\u00e9 pas moins de <strong>105\u2009000\u00a0euros<\/strong>. La nouvelle n\u2019a pas manqu\u00e9 d\u2019\u00eatre relay\u00e9e jusqu\u2019\u00e0 \u00eatre repris par des comptes nationaux sur X, alors qu\u2019il s\u2019agit en r\u00e9alit\u00e9\u2026 d\u2019une simple erreur.<\/p>\n<p class=\" wall-content\">\n<p>Un z\u00e9ro en trop s\u00e8me la zizanie<br \/>\n    <img   decoding=\"async\" loading=\"lazy\" src=\"https:\/\/www.europesays.com\/fr\/wp-content\/uploads\/2025\/08\/20250825-164514-960x640.jpg\" alt=\"Une erreur d'impression sur le panneau pr\u00e9sentant les travaux est \u00e0 l'origine du malentendu.\" width=\"960\" height=\"640\"\/><br \/>\n    Une erreur d\u2019impression sur le panneau pr\u00e9sentant les travaux est \u00e0 l\u2019origine du malentendu. (\u00a9E.L.\/Actu Toulouse)<\/p>\n<p class=\" wall-content\">\u00ab\u2009Comment cela peut-il co\u00fbter aussi cher\u2009\u00bb, s\u2019est par exemple questionn\u00e9 un internaute, dans un post r\u00e9coltant <strong>1,4\u00a0million de vues sur X<\/strong>. La r\u00e9ponse est aussi simple que bonjour\u2009: la pergola n\u2019a pas co\u00fbt\u00e9 100\u2009000\u00a0euros, et de loin.<\/p>\n<p class=\" wall-content\">\n<p class=\" wall-content\">Contact\u00e9e par Actu Toulouse, la municipalit\u00e9 explique qu\u2019il s\u2019agit <strong>\u00ab\u2009d\u2019une erreur d\u2019impression\u2009\u00bb.<\/strong> Un z\u00e9ro s\u2019est ajout\u00e9 \u00e0 l\u2019\u00e9quation, causant la grande incompr\u00e9hension chez tout le monde.<\/p>\n<p class=\" wall-content\">\u00ab\u2009Jamais je n\u2019aurais accept\u00e9 l\u2019installation d\u2019une pergola \u00e0 100\u2009000 euros\u2009\u00bb, certifie C\u00e9cile Dufraisse, maire du quartier des Minimes. En r\u00e9alit\u00e9, la structure n\u2019a co\u00fbt\u00e9 <strong>que 10\u2009528\u00a0euros<\/strong>, un prix beaucoup plus coh\u00e9rent avec la r\u00e9alit\u00e9.<\/p>\n<p>Vid\u00e9os : en ce moment sur ActuLe panneau bient\u00f4t retir\u00e9<\/p>\n<p class=\" wall-content\">Une pergola co\u00fbte g\u00e9n\u00e9ralement plusieurs milliers d\u2019euros. \u00ab\u2009On est vraiment sur du basique\u2009\u00bb, ajoute C\u00e9cile Dufraisse, qui explique que cette installation intervient dans le cadre de <a href=\"https:\/\/actu.fr\/publi-communique\/minimes-et-barriere-de-paris-des-quartiers-qui-bougent-une-identite-qui-reste_62623153.html#:~:text=Cette%20construction%20s&#039;inscrit%20dans,Luc%20Moudenc%2C%20maire%20de%20Toulouse.\" rel=\"nofollow noopener\" target=\"_blank\">la derni\u00e8re \u00e9tape de r\u00e9am\u00e9nagement du parc de la Salade<\/a>. Dans la journ\u00e9e, l\u2019adjoint au maire de Toulouse en charge de la coordination des conventions citoyennes pour l\u2019\u00e9cologie en ville par quartier, Nicolas Misiak, s\u2019est aussi exprim\u00e9 sur le panneau en question.<\/p>\n<p class=\" wall-content\">\n<p>Votre r\u00e9gion, votre actu !<\/p>\n<p>Recevez chaque jour les infos qui comptent pour vous.<\/p>\n<p>\t<a href=\"https:\/\/actu.fr\/newsletter\" class=\"ac-btn ac-btn--corner ac-btn--medium ac-btn--blue800\" rel=\"nofollow noopener\" target=\"_blank\">S&rsquo;incrire<\/a><\/p>\n<p class=\" wall-content\"><strong>\u00ab\u2009Il sera chang\u00e9 dans la journ\u00e9e<\/strong> afin de lever toute confusion. Ceci est un bad buzz inutile\u2009\u00bb, \u00e9crit l\u2019\u00e9lu sur X. En attendant, les <a href=\"https:\/\/actu.fr\/tag\/reseaux-sociaux\" rel=\"nofollow noopener\" target=\"_blank\">r\u00e9seaux sociaux<\/a> ne sont pas pass\u00e9s \u00e0 c\u00f4t\u00e9 de cette petite erreur qui n\u2019est pas rest\u00e9e inaper\u00e7ue.<\/p>\n<p class=\" wall-content\">Personnalisez votre actualit\u00e9 en ajoutant vos villes et m\u00e9dias en favori avec <a href=\"https:\/\/moncompte.actu.fr\" title=\"D\u00e9couvez Mon Actu\" rel=\"nofollow noopener\" data-trk=\"{&quot;cta&quot;:{&quot;action&quot;:&quot;https:\\\/\\\/moncompte.actu.fr&quot;,&quot;category&quot;:&quot;mon compte&quot;,&quot;from&quot;:&quot;article footer&quot;,&quot;name&quot;:&quot;Mon actu&quot;,&quot;type&quot;:&quot;cta&quot;}}\" target=\"_blank\">Mon Actu<\/a>.<\/p>\n","protected":false},"excerpt":{"rendered":"Par Enzo Legros Publi\u00e9 le 25 ao\u00fbt 2025 \u00e0 17h54 Une image a fait grincer les dents de&hellip;\n","protected":false},"author":2,"featured_media":343217,"comment_status":"","ping_status":"","sticky":false,"template":"","format":"standard","meta":{"footnotes":""},"categories":[2816],"tags":[1111,11,1777,674,1011,27,1757,12,2680,25,938,2312],"class_list":{"0":"post-343216","1":"post","2":"type-post","3":"status-publish","4":"format-standard","5":"has-post-thumbnail","7":"category-toulouse","8":"tag-actu","9":"tag-actualites","10":"tag-eu","11":"tag-europe","12":"tag-fr","13":"tag-france","14":"tag-insolite","15":"tag-news","16":"tag-occitanie","17":"tag-republique-francaise","18":"tag-reseaux-sociaux","19":"tag-toulouse"},"share_on_mastodon":{"url":"https:\/\/pubeurope.com\/@fr\/115090344833635894","error":""},"_links":{"self":[{"href":"https:\/\/www.europesays.com\/fr\/wp-json\/wp\/v2\/posts\/343216","targetHints":{"allow":["GET"]}}],"collection":[{"href":"https:\/\/www.europesays.com\/fr\/wp-json\/wp\/v2\/posts"}],"about":[{"href":"https:\/\/www.europesays.com\/fr\/wp-json\/wp\/v2\/types\/post"}],"author":[{"embeddable":true,"href":"https:\/\/www.europesays.com\/fr\/wp-json\/wp\/v2\/users\/2"}],"replies":[{"embeddable":true,"href":"https:\/\/www.europesays.com\/fr\/wp-json\/wp\/v2\/comments?post=343216"}],"version-history":[{"count":0,"href":"https:\/\/www.europesays.com\/fr\/wp-json\/wp\/v2\/posts\/343216\/revisions"}],"wp:featuredmedia":[{"embeddable":true,"href":"https:\/\/www.europesays.com\/fr\/wp-json\/wp\/v2\/media\/343217"}],"wp:attachment":[{"href":"https:\/\/www.europesays.com\/fr\/wp-json\/wp\/v2\/media?parent=343216"}],"wp:term":[{"taxonomy":"category","embeddable":true,"href":"https:\/\/www.europesays.com\/fr\/wp-json\/wp\/v2\/categories?post=343216"},{"taxonomy":"post_tag","embeddable":true,"href":"https:\/\/www.europesays.com\/fr\/wp-json\/wp\/v2\/tags?post=343216"}],"curies":[{"name":"wp","href":"https:\/\/api.w.org\/{rel}","templated":true}]}}