{"id":343218,"date":"2025-08-25T16:27:26","date_gmt":"2025-08-25T16:27:26","guid":{"rendered":"https:\/\/www.europesays.com\/fr\/343218\/"},"modified":"2025-08-25T16:27:26","modified_gmt":"2025-08-25T16:27:26","slug":"sortir-a-toulouse-les-12-evenements-culturels-de-la-rentree-a-ne-pas-manquer","status":"publish","type":"post","link":"https:\/\/www.europesays.com\/fr\/343218\/","title":{"rendered":"Sortir \u00e0 Toulouse. Les 12 \u00e9v\u00e9nements culturels de la rentr\u00e9e \u00e0 ne pas manquer"},"content":{"rendered":"<p>            Par<br \/>\n        <strong><br \/>\n            <a href=\"https:\/\/actu.fr\/auteur\/gabriel-kenedi\" title=\"Consulter tous les articles de Gabriel Kenedi\" target=\"_blank\" rel=\"noopener\">Gabriel Kenedi<\/a><br \/>\n        <\/strong><\/p>\n<p>        Publi\u00e9 le<\/p>\n<p>            25 ao\u00fbt 2025 \u00e0 17h53        <\/p>\n<p>L\u2019\u00e9t\u00e9 caniculaire touche \u00e0 sa fin et d\u00e9j\u00e0, l\u2019heure de la reprise approche \u00e0 grands pas. En attendant septembre, <a href=\"https:\/\/actu.fr\/toulouse\/\" target=\"_blank\" rel=\"noopener\">Actu Toulouse<\/a> a pris le temps de s\u00e9lectionner avec soin <strong>12 \u00e9v\u00e9nements culturels<\/strong> \u00e0 ne pas manquer, en cette rentr\u00e9e 2025, dans la Ville rose. Et promis, il y en a pour tous les go\u00fbts\u2009!<\/p>\n<p>#1. Le Rose Festival<br \/>\n    <img   decoding=\"async\" loading=\"lazy\" src=\"https:\/\/www.europesays.com\/fr\/wp-content\/uploads\/2025\/08\/rose-festival-concert-toulouse-c-odieux-boby-960x640.jpg\" alt=\"Les derniers artistes au programme du Rose Festival 2025 viennent d'\u00eatre annonc\u00e9s\" width=\"960\" height=\"640\"\/><br \/>\n    Le Rose Festival est un v\u00e9ritable temps fort \u00e0 Toulouse\u2026 110\u2009000 festivaliers sont attendus sur trois jours\u2009! (\u00a9Odieux Boby)<\/p>\n<p class=\" wall-content\">On vous l\u2019accorde, cet \u00e9v\u00e9nement arrive juste avant la rentr\u00e9e\u2026 Mais il para\u00eet impossible de faire l\u2019impasse sur le Rose Festival, tant cet \u00e9v\u00e9nement a pris de l\u2019ampleur en seulement quelques ann\u00e9es.<\/p>\n<p class=\" wall-content\">Imagin\u00e9 et propuls\u00e9 par Bigflo et Oli, le \u00ab\u2009Rose\u2009\u00bb est de retour pour une quatri\u00e8me \u00e9dition au Meett de Toulouse M\u00e9tropole, du 29 au 31\u00a0ao\u00fbt. 110\u2009000 festivaliers sont attendus avec des artistes comme Jorja Smith, Ninho &amp; Niska, SDM, Helena, Pierre Garnier, Magic System, Theodora, Lost Frequencies et bien d\u2019autres\u2009! \u00c0 ne pas manquer non plus, le closing de Bigflo et Oli, dimanche, qui proposeront un show sp\u00e9cial pour l\u2019occasion.<\/p>\n<p>Du 29 au 31\u00a0ao\u00fbt, au Meett. Derni\u00e8res places disponibles <a href=\"https:\/\/rosefestival.fr\/\" target=\"_blank\" rel=\"noopener\">sur le site du Rose Festival<\/a>#2. Les Halles de la Cartoucherie c\u00e9l\u00e8brent leurs deux ans d\u2019existence<br \/>\n    <img   decoding=\"async\" loading=\"lazy\" src=\"https:\/\/www.europesays.com\/fr\/wp-content\/uploads\/2025\/08\/27f2aaeaf00864bf2aaeaf0081ff2av-960x640.jpg\" alt=\"Une belle \u00ab pagaille \u00bb est attendue \u00e0 la Cartoucherie.\" width=\"960\" height=\"640\"\/><br \/>\n    Les Halles de la Cartoucherie organisent une boum d\u2019anniversaire, qui s\u2019\u00e9talera sur tout le week-end, pour f\u00eater ses 2\u00a0ans d\u2019existence. (\u00a9JM Asp\u00e9)<\/p>\n<p>Votre r\u00e9gion, votre actu !<\/p>\n<p>Recevez chaque jour les infos qui comptent pour vous.<\/p>\n<p>\t<a href=\"https:\/\/actu.fr\/newsletter\" class=\"ac-btn ac-btn--corner ac-btn--medium ac-btn--blue800\" target=\"_blank\" rel=\"noopener\">S&rsquo;incrire<\/a><\/p>\n<p class=\" wall-content\">Pas de nostalgie de rentr\u00e9e aux Halles de la Cartoucherie mais plut\u00f4t une grande dose de f\u00eate pour souffler la deuxi\u00e8me bougie. Pendant deux jours, le samedi\u00a06 et le dimanche 7\u00a0septembre, les Halles vous invitent \u00e0 leur Boum d\u2019anniversaire\u2009!<\/p>\n<p class=\" wall-content\">Les activit\u00e9s qui font le quotidien des Halles sont propos\u00e9es en grande majorit\u00e9 en acc\u00e8s libre dans plusieurs espaces du b\u00e2timent et ses abords. \u00c0 l\u2019ext\u00e9rieur, on trouvera un mur d\u2019escalade, du squash, des concerts, un battle de danses hip-hop, des spectacles. Et \u00e0 l\u2019int\u00e9rieur\u2009: des cours collectifs de fitness, une kermesse, un karaok\u00e9, un blind test et autres surprises. Alors, \u00e7a vous tente\u2009?<\/p>\n<p>Aux Halles de la Cartoucherie, les 6 et 7\u00a0septembre 2025. Plus d\u2019infos <a href=\"http:\/\/halles-cartoucherie.fr\/event\/boum-danniversaire\/\" target=\"_blank\" rel=\"noopener\">sur le site des Halles<\/a>.#3. Nada Surf sonne la rentr\u00e9e du Bikini<br \/>\n    <img   decoding=\"async\" loading=\"lazy\" src=\"https:\/\/www.europesays.com\/fr\/wp-content\/uploads\/2025\/08\/a85cb7aec5d767c5cb7aec5d7306cbv-960x640.jpg\" alt=\"Surf Nada sera sur la sc\u00e8ne du festival des Grandes Mar\u00e9es 2025.\" width=\"960\" height=\"640\"\/><br \/>\n    Nada Surf va se charger d\u2019ouvrir le bal des concerts au Bikini, le 8\u00a0septembre prochain. (\u00a9Bernie DeChant)<\/p>\n<p class=\" wall-content\">Un concert de rentr\u00e9e avec Nada Surf, le groupe de rock new-yorkais qui sillonne les sc\u00e8nes mondiales depuis 30\u00a0ans, c\u2019est ce que propose le Bikini. Amis d\u2019Herv\u00e9 Sansonetto, le patron de la c\u00e9l\u00e8bre salle de spectacles, les Nada Surf seront sur la sc\u00e8ne du Bikini pour la 10e fois de leur carri\u00e8re, lundi 8\u00a0septembre\u2026 \u00e0 ne pas manquer, \u00e9videmment\u2009!<\/p>\n<p class=\" wall-content\">\n<p>Lundi 8\u00a0septembre, \u00e0 19h30, au Bikini. Tarifs\u2009: 29 \u00e0 32\u00a0euros.<\/p>\n<p>#4. Le 38e Festival de rue de Ramonville<br \/>\n    <img   decoding=\"async\" loading=\"lazy\" src=\"https:\/\/www.europesays.com\/fr\/wp-content\/uploads\/2025\/08\/festival-rue-ramonville-credit-mathieu-lacout-960x640.jpg\" alt=\"Le festival de rue de Ramonville est de retour pour une nouvelle \u00e9dition. \" width=\"960\" height=\"640\"\/><br \/>\n    Le festival de rue de Ramonville est de retour pour une nouvelle \u00e9dition. (\u00a9Mathieu Lacout \/ Arto \u2013 page facebook)<\/p>\n<p class=\" wall-content\">L\u2019embl\u00e9matique Festival d\u2019art de rue de Ramonville, pr\u00e8s de Toulouse, fait son grand retour dans les rues, places et parcs de la ville du 12 au 14\u00a0septembre 2025. Organis\u00e9 par l\u2019association ARTO, en partenariat avec la municipalit\u00e9, ce rendez-vous incontournable des arts de la rue en Occitanie f\u00eatera sa 38\u1d49 \u00e9dition avec un programme haut en couleur, bien que contraint par un contexte budg\u00e9taire difficile.<\/p>\n<p class=\" wall-content\">Un festival qui propose toujours de nombreux<strong> spectacles gratuits<\/strong>, et certains autres payants. Un conseil\u2009: la programmation est si foisonnante qu\u2019il vaut mieux jeter un \u0153il programme jour par jour, histoire de faire son choix et de ne rien manquer\u2009!<\/p>\n<p>Du 12 au 14\u00a0septembre, \u00e0 Ramonville. Plus d\u2019infos <a href=\"https:\/\/festivalramonville-arto.fr\/public\/fichiers\/programmation\/1386\/fdr25brochureokweb.pdf\" target=\"_blank\" rel=\"noopener\">ici<\/a>.#5. Sara Landry \u00e0 Interference<br \/>\n    <img   decoding=\"async\" loading=\"lazy\" src=\"https:\/\/www.europesays.com\/fr\/wp-content\/uploads\/2025\/08\/interference-rooftop-balma-toulouse-credit-etienne-sahuc-960x640.jpg\" alt=\"Interference accueille un DJ set d'Acid Arab, dimanche 20 juillet ! \" width=\"960\" height=\"640\"\/><br \/>\n    Interference accueille une soir\u00e9e in\u00e9dite, qui se d\u00e9roulera \u00e0 la fois sur le rooftop et dans la salle Aura, le samedi 13\u00a0septembre 2025. (\u00a9Etienne Sahuc)<\/p>\n<p class=\" wall-content\">Pour la toute premi\u00e8re fois, deux piliers de la sc\u00e8ne \u00e9lectronique toulousaine (Bricks et Reevolt) unissent leurs forces pour une nuit hors norme. Une collaboration in\u00e9dite entre Reevolt et le Bricks, avec une invit\u00e9e de marque qui va faire trembler les murs\u2009: l\u2019Am\u00e9ricaine Sara Landry. Au programme\u2009? <strong>12\u00a0heures de techno<\/strong> qui vous en mettront plein la vue\u2026 \u00e0 d\u00e9couvrir \u00e0 Interference, la nouvelle salle de spectacles bas\u00e9e \u00e0 Balma.<\/p>\n<p>Samedi 13\u00a0septembre, de 17h \u00e0 5h30. Infos et tarifs sur le site d\u2019Interference.<\/p>\n<p>#6. Fifigrot, un festival d\u00e9jant\u00e9 !\u00a0<br \/>\n    <img   decoding=\"async\" loading=\"lazy\" src=\"https:\/\/www.europesays.com\/fr\/wp-content\/uploads\/2025\/08\/fifigrot-960x640.png\" alt=\"L'affiche de la 12e \u00e9dition de Fifigrot. \" width=\"960\" height=\"640\"\/><br \/>\n    Fifigrot est bient\u00f4t de retour pour une nouvelle \u00e9dition ! (\u00a9Fifigrot)<\/p>\n<p class=\" wall-content\">Le festival international du film grolandais est bient\u00f4t de retour dans la Ville rose ! Du 15 au 21 septembre,\u00a0Fifigrot vous propose \u00ab\u00a0des dizaines films en avant-premi\u00e8re, rares ou in\u00e9dits, p\u00e9pites d\u2019esprit grolandais, d\u00e9cal\u00e9es et barr\u00e9es \u00e0 souhait, satires sociales ou \u00e0 l\u2019humour d\u00e9jant\u00e9; le tout accompagn\u00e9 de spectacles, performances, th\u00e9\u00e2tre, concerts, expositions et rencontres litt\u00e9raires\u00a0\u00bb.<\/p>\n<p class=\" wall-content\">Films en comp\u00e9tition, sections th\u00e9matiques cultes comme Gro Zical ou Gro l\u2019Art et nouvelles venues comme \u00ab\u00a0\u00c0 la masse\u00a0\u00bb, \u00ab\u00a0Pays imaginaires\u00a0\u00bb, hommages \u00e0 des r\u00e9alisateurs singuliers, soir\u00e9es sp\u00e9ciales, cin\u00e9 bistrots\u2026 seront l\u2019occasion de vous pr\u00e9senter toute l\u2019\u00e9tendue de la richesse cin\u00e9matographique grolandaise d\u00e9nich\u00e9e durant l\u2019ann\u00e9e.<\/p>\n<p class=\" wall-content\">Le village du festival sera ouvert tous les jours au Port Viguerie, en plein c\u0153ur de Toulouse.<\/p>\n<p>#7. Le Sorano d\u00e9bute sa saison par un Marathon\u2009!<br \/>\n    <img   decoding=\"async\" loading=\"lazy\" src=\"https:\/\/www.europesays.com\/fr\/wp-content\/uploads\/2025\/08\/theatre-sorano-toulouse-wikipedia-960x640.jpg\" alt=\"Le Th\u00e9\u00e2tre Sorano, \u00e0 Toulouse, est une institution depuis 1964 !\" width=\"960\" height=\"640\"\/><br \/>\n    Le Th\u00e9\u00e2tre Sorano, \u00e0 Toulouse, est une institution depuis 1964\u2009! (\u00a9Wikipedia \/ Didier Descouens \/ Licence Creative Commons)<\/p>\n<p class=\" wall-content\">Quand il s\u2019agit d\u2019ouvrir sa saison, le Sorano ne fait pas les choses \u00e0 moiti\u00e9. En pleines Journ\u00e9es du Patrimoine, pr\u00e9vues du 19 au 21\u00a0septembre, le c\u00e9l\u00e8bre th\u00e9\u00e2tre des all\u00e9es Jules Guesde profite de l\u2019occasion pour vous convier, le samedi 20\u00a0septembre, \u00e0 vivre \u00ab\u2009une magnifique journ\u00e9e dense et joyeuse\u2009\u00bb, de 11\u00a0heures \u00e0 1\u00a0heure du matin, histoire de <strong>porter haut les couleurs de la f\u00eate<\/strong>. Petit plus, l\u2019entr\u00e9e sera libre et sans r\u00e9servation\u2009!<\/p>\n<p>Le 20\u00a0septembre, de 11h \u00e0 1h du matin. Entr\u00e9e libre. Plus d\u2019infos sur la programmation <a href=\"https:\/\/www.theatre-sorano.fr\/spectacles\/cest-magnifique-ouverture-de-saison\/\" target=\"_blank\" rel=\"noopener\">ici<\/a>.#8. Les Journ\u00e9es du Patrimoine<br \/>\n    <img   decoding=\"async\" loading=\"lazy\" src=\"https:\/\/www.europesays.com\/fr\/wp-content\/uploads\/2025\/08\/observatoire-jolimont-journees-patrimoine-960x640.jpg\" alt=\"Comme chaque ann\u00e9e, les Journ\u00e9es du Patrimoine attirent du monde \u00e0 l'Observatoire de Jolimont. \" width=\"960\" height=\"640\"\/><br \/>\n    Comme chaque ann\u00e9e, les Journ\u00e9es du Patrimoine attirent du monde \u00e0 l\u2019Observatoire de Jolimont. (\u00a9Gabriel Kenedi \/ Actu Toulouse)<\/p>\n<p class=\" wall-content\">Profitez du week-end des<strong> Journ\u00e9es du patrimoine<\/strong> \u00e0 Toulouse pour visiter des sites habituellement ferm\u00e9s au public et profiter des entr\u00e9es gratuites dans les monuments et les mus\u00e9es et des animations dans les lieux culturels. Un \u00e9v\u00e9nement phare de la rentr\u00e9e qui r\u00e9unit chaque ann\u00e9e des dizaines de milliers de curieux dans les rues de Toulouse.<\/p>\n<p>Les 19, 20 et 21\u00a0septembre 2025, \u00e0 Toulouse. Programme complet <a href=\"https:\/\/www.toulouse-tourisme.com\/a-voir-a-faire\/journees-du-patrimoine\/\" target=\"_blank\" rel=\"noopener\">ici<\/a>.#9. Un festival gratuit au Z\u00e9nith<br \/>\n    <img   decoding=\"async\" loading=\"lazy\" src=\"https:\/\/www.europesays.com\/fr\/wp-content\/uploads\/2025\/08\/8d360742de486a1460742de48c5460v-960x640.jpg\" alt=\"Blue Jay, ici \u00e0 l'H\u00f4tel Dieu, dans le cadre du projet Toulouse Live Sessions.\u00a0\" width=\"960\" height=\"640\"\/><br \/>\n    Blue Jay, ici \u00e0 l\u2019H\u00f4tel Dieu, dans le cadre du projet Toulouse Live Sessions, se produira au Z\u00e9nith de Toulouse. (\u00a9CABRERA_Nicolas)<\/p>\n<p class=\" wall-content\">Un festival gratuit au Z\u00e9nith de Toulouse, \u00e7a n\u2019arrive pas tous les jours. Et c\u2019est pourtant bel et bien ce qu\u2019il va se passer le samedi 20\u00a0septembre, avec<strong> le OZ Festival<\/strong>, qui revient dans la plus grande salle de spectacles de la Ville rose. Un festival qui a du sens, puisqu\u2019il a pour objet de soutenir les artistes \u00e9mergents qui vivent \u00e0 Toulouse et Occitanie. Un plateau 100\u2009% local avec Oscar Emch (laur\u00e9at du tremplin du Rose Festival), Zalbecino, F\u00fcl\u00fc, Antes &amp; Madzes, De Fleur, Deen CK, Blue Jay et Kendall.<\/p>\n<p>De 18h \u00e0 1h, le 20\u00a0septembre, au Z\u00e9nith. <a href=\"https:\/\/zenith-toulousemetropole.com\/shows\/OZ%20-%20Occitanie%20au%20Z%C3%A9nith-20407\" target=\"_blank\" rel=\"noopener\">\u00c9v\u00e9nement gratuit sur r\u00e9servation.<\/a>#10. Time For Love au Casino Barri\u00e8re<\/p>\n<p class=\" wall-content\">\u00ab\u2009Time For Love\u2009\u00bb, tel est le nom de la nouvelle com\u00e9die musicale produite par le Casino Barri\u00e8re, qui fera l\u2019\u00e9v\u00e8nement \u00e0 partir du 27 septembre. 41 repr\u00e9sentations sont d\u00e9j\u00e0 pr\u00e9vues pour ce spectacle in\u00e9dit, mis en sc\u00e8ne par la Toulousaine Carole Chauvy et chor\u00e9graphi\u00e9 par J\u00e9r\u00e9my Marquet.<\/p>\n<p class=\" wall-content\">Le pitch\u2009? Imaginez un scientifique c\u00e9l\u00e8bre qui d\u00e9voile sa <strong>machine \u00e0 voyager dans le temps<\/strong> en direct \u00e0 la t\u00e9l\u00e9vision\u2026 Un orage \u00e9lectrique qui frappe au mauvais moment\u2026 Et soudain, Napol\u00e9on Bonaparte en personne surgit au XXIe\u00a0si\u00e8cle\u2009! Dans Time For Love, vivez la folle histoire de 4 amis qui traversent les \u00e9poques dans une aventure musicale d\u00e9jant\u00e9e. \u00ab\u2009Entre romance et course-poursuite temporelle, 15 artistes exceptionnels vous feront vibrer au rythme des tubes de Claude Fran\u00e7ois, Eminem ou encore Santa dans un spectacle o\u00f9 l\u2019Histoire n\u2019a jamais \u00e9t\u00e9 aussi divertissante\u2009\u00bb, annonce le Casino Barri\u00e8re.<\/p>\n<p>\u00c0 partir de 36\u00a0euros, au Casino Barri\u00e8re, d\u00e8s le 27\u00a0septembre. Infos et tarifs <a href=\"https:\/\/www.casinosbarriere.com\/toulouse\/actualites\/time-for-love\" target=\"_blank\" rel=\"noopener\">sur le site du Casino Barri\u00e8re<\/a>.#11. Mecanik Paradize \u00e0 la Halle de La Machine<br \/>\n    <img   decoding=\"async\" loading=\"lazy\" src=\"https:\/\/www.europesays.com\/fr\/wp-content\/uploads\/2025\/08\/mecanik-paradize-1-960x640.jpg\" alt=\"Le festival Pink Paradize revient du 3 au 13 octobre 2024 avec une programmation de folie ! \" width=\"960\" height=\"640\"\/><br \/>\n    Mecanik Paradize est de retour d\u00e9but octobre, \u00e0 la Halle de la Machine ! (\u00a9Gabriel Kenedi \/ actu Toulouse (archives))<\/p>\n<p class=\" wall-content\">C\u2019est aussi un \u00e9v\u00e9nement phare de la rentr\u00e9e culturelle \u00e0 Toulouse\u2009: M\u00e9canik Paradize revient \u00e0 la <strong>Halle de La Machine<\/strong> en plein air \u00e0 Toulouse en ouverture du Pink Paradize Festival, un \u00e9v\u00e9nement compl\u00e8tement fou\u2009! Sur sc\u00e8ne, retrouvez les plus grands noms de la musique fran\u00e7aise et internationale (Biga Ranx, Deluxe, 2 Many DJS, Keziah Jones, Akrav, Nina Kravitz, I Hate Models\u2026) qui se produiront en ext\u00e9rieur, aux c\u00f4t\u00e9s d\u2019Ast\u00e9rion le Minotaure, d\u2019Ariane l\u2019Araign\u00e9e et de Long Ma, la jument-dragonne\u2009!<\/p>\n<p>Du 2 au 4\u00a0octobre 2025, \u00e0 la Halle de La Machine (en plein air). Infos et tarifs <a href=\"https:\/\/www.halledelamachine.fr\/evenements\/mecanik-paradize\/\" target=\"_blank\" rel=\"noopener\">ici<\/a>.#12. Zaho de Sagazan avec l\u2019Orchestre du Capitole<br \/>\n    <img   decoding=\"async\" loading=\"lazy\" src=\"https:\/\/www.europesays.com\/fr\/wp-content\/uploads\/2025\/08\/16eb803866c561aeb803866c5ddeb8v-960x640.jpg\" alt=\"Zaho de Sagazan sera au festival Beauregard le samedi 6 juillet 2024.\" width=\"960\" height=\"640\"\/><br \/>\n    Zaho de Sagazan va offrir au public toulousain trois concerts symphoniques avec l\u2019Orchestre du Capitole. (\u00a9Nicolas Segura)<\/p>\n<p class=\" wall-content\">En l\u2019espace de quelques ann\u00e9es \u00e0 peine, Zaho de Sagazan est devenue l\u2019une des artistes les plus influentes de sa g\u00e9n\u00e9ration. Apr\u00e8s une tourn\u00e9e des Z\u00e9niths sold out, elle revient \u00e0 Toulouse pour <strong>trois concerts symphoniques<\/strong> qu\u2019elle donnera avec l\u2019Orchestre national du Capitole, \u00e0 la Halle aux Grains, les 4 et 5\u00a0octobre. Ne cherchez plus de places, tout a \u00e9t\u00e9 vendu en seulement quelques minutes.<\/p>\n<p>Les 4 et 5\u00a0octobre, \u00e0 la Halle aux Grains. Complet.<\/p>\n<p class=\" wall-content\">Personnalisez votre actualit\u00e9 en ajoutant vos villes et m\u00e9dias en favori avec <a href=\"https:\/\/moncompte.actu.fr\" title=\"D\u00e9couvez Mon Actu\" rel=\"nofollow noopener\" data-trk=\"{&quot;cta&quot;:{&quot;action&quot;:&quot;https:\\\/\\\/moncompte.actu.fr&quot;,&quot;category&quot;:&quot;mon compte&quot;,&quot;from&quot;:&quot;article footer&quot;,&quot;name&quot;:&quot;Mon actu&quot;,&quot;type&quot;:&quot;cta&quot;}}\" target=\"_blank\">Mon Actu<\/a>.<\/p>\n","protected":false},"excerpt":{"rendered":"Par Gabriel Kenedi Publi\u00e9 le 25 ao\u00fbt 2025 \u00e0 17h53 L\u2019\u00e9t\u00e9 caniculaire touche \u00e0 sa fin et d\u00e9j\u00e0,&hellip;\n","protected":false},"author":2,"featured_media":343219,"comment_status":"","ping_status":"","sticky":false,"template":"","format":"standard","meta":{"footnotes":""},"categories":[2816],"tags":[1111,11,1777,674,1011,27,1652,12,2680,25,1341,2312],"class_list":{"0":"post-343218","1":"post","2":"type-post","3":"status-publish","4":"format-standard","5":"has-post-thumbnail","7":"category-toulouse","8":"tag-actu","9":"tag-actualites","10":"tag-eu","11":"tag-europe","12":"tag-fr","13":"tag-france","14":"tag-loisirs-culture","15":"tag-news","16":"tag-occitanie","17":"tag-republique-francaise","18":"tag-sortir-a-toulouse","19":"tag-toulouse"},"share_on_mastodon":{"url":"https:\/\/pubeurope.com\/@fr\/115090348362360827","error":""},"_links":{"self":[{"href":"https:\/\/www.europesays.com\/fr\/wp-json\/wp\/v2\/posts\/343218","targetHints":{"allow":["GET"]}}],"collection":[{"href":"https:\/\/www.europesays.com\/fr\/wp-json\/wp\/v2\/posts"}],"about":[{"href":"https:\/\/www.europesays.com\/fr\/wp-json\/wp\/v2\/types\/post"}],"author":[{"embeddable":true,"href":"https:\/\/www.europesays.com\/fr\/wp-json\/wp\/v2\/users\/2"}],"replies":[{"embeddable":true,"href":"https:\/\/www.europesays.com\/fr\/wp-json\/wp\/v2\/comments?post=343218"}],"version-history":[{"count":0,"href":"https:\/\/www.europesays.com\/fr\/wp-json\/wp\/v2\/posts\/343218\/revisions"}],"wp:featuredmedia":[{"embeddable":true,"href":"https:\/\/www.europesays.com\/fr\/wp-json\/wp\/v2\/media\/343219"}],"wp:attachment":[{"href":"https:\/\/www.europesays.com\/fr\/wp-json\/wp\/v2\/media?parent=343218"}],"wp:term":[{"taxonomy":"category","embeddable":true,"href":"https:\/\/www.europesays.com\/fr\/wp-json\/wp\/v2\/categories?post=343218"},{"taxonomy":"post_tag","embeddable":true,"href":"https:\/\/www.europesays.com\/fr\/wp-json\/wp\/v2\/tags?post=343218"}],"curies":[{"name":"wp","href":"https:\/\/api.w.org\/{rel}","templated":true}]}}