{"id":343222,"date":"2025-08-25T16:30:14","date_gmt":"2025-08-25T16:30:14","guid":{"rendered":"https:\/\/www.europesays.com\/fr\/343222\/"},"modified":"2025-08-25T16:30:14","modified_gmt":"2025-08-25T16:30:14","slug":"le-delta-festival-ecarte-linfluenceur-de-sa-programmation","status":"publish","type":"post","link":"https:\/\/www.europesays.com\/fr\/343222\/","title":{"rendered":"le Delta Festival \u00e9carte l&rsquo;influenceur de sa programmation"},"content":{"rendered":"<p>            Par<br \/>\n        <strong><br \/>\n            <a href=\"https:\/\/actu.fr\/auteur\/thibault-nadal-actu-fr\" title=\"Consulter tous les articles de Thibault Nadal\" target=\"_blank\" rel=\"noopener\">Thibault Nadal<\/a><br \/>\n        <\/strong><\/p>\n<p>        Publi\u00e9 le<\/p>\n<p>            25 ao\u00fbt 2025 \u00e0 17h27        <\/p>\n<p><strong>INFO ACTU MARSEILLE.<\/strong> Il \u00e9tait pr\u00e9vu comme l\u2019une des principales t\u00eates d\u2019affiche du vendredi soir, deuxi\u00e8me jour des festivit\u00e9s. Il ne montera pas finalement pas sur la sc\u00e8ne du <strong>Delta Festival<\/strong> comme il le souhaitait.<\/p>\n<p class=\" wall-content\"><strong>Paga<\/strong> ne jouera pas sur la sc\u00e8ne install\u00e9e sur <a href=\"https:\/\/actu.fr\/tag\/plage-du-prado\" target=\"_blank\" rel=\"noopener\">les plages du Prado<\/a> dans le 8e arrondissement de <a href=\"https:\/\/actu.fr\/marseille\/\" target=\"_blank\" rel=\"noopener\">Marseille<\/a>. Une d\u00e9cision prise apr\u00e8s <a href=\"https:\/\/actu.fr\/provence-alpes-cote-d-azur\/marseille_13055\/des-accusations-infondees-ce-que-l-on-sait-de-l-enquete-pour-viol-visant-paga-star-des-marseillais_63020984.html\" target=\"_blank\" rel=\"noopener\">l\u2019accusation de viol visant la star des Marseillais<\/a>, qui n\u2019a pas donn\u00e9 suite \u00e0 des poursuites, comme l\u2019apprend actu Marseille aupr\u00e8s des organisateurs.<\/p>\n<p>Officiellement, \u00ab\u2009une d\u00e9cision commune\u2009\u00bb<\/p>\n<p class=\" wall-content\">Contact\u00e9s, les responsables nous font savoir qu\u2019il s\u2019agit <strong>d\u2019une \u00ab\u2009d\u00e9cision commune<\/strong> entre les \u00e9quipes de management de Paga et le Delta Festival\u2009\u00bb.<\/p>\n<p class=\" wall-content\">Mais, selon nos informations, <strong>la d\u00e9cision \u00e9manerait du Festival<\/strong>. Elle a \u00e9t\u00e9 <strong>prise tout r\u00e9cemment<\/strong>, juste avant que les artistes ne connaissent le nom de la sc\u00e8ne o\u00f9 ils se produiront chaque soir. Une information r\u00e9v\u00e9l\u00e9e au grand public ce samedi.<\/p>\n<p class=\" wall-content\"><a href=\"https:\/\/www.instagram.com\/p\/DNlS7XBoL9X\/embed\" title=\"Ouvrir le lien sur Instagram\" target=\"_blank\" rel=\"noopener\">Visualiser le contenu sur Instagram<\/a><\/p>\n<p>Plac\u00e9 en garde \u00e0 vue puis lib\u00e9r\u00e9<\/p>\n<p class=\" wall-content\">Si Paga n\u2019y figure pas, il est pourtant toujours pr\u00e9sent sur la programmation du Festival, disponible en ligne, preuve du caract\u00e8re r\u00e9cent de la d\u00e9cision.<\/p>\n<p>    <img   decoding=\"async\" loading=\"lazy\" src=\"https:\/\/www.europesays.com\/fr\/wp-content\/uploads\/2025\/08\/paga-delta-960x640.png\" alt=\"Le nom de Paga figure toujours parmi celui des artistes qui se produiront au Delta Festival \u00e0 Marseille.\" width=\"960\" height=\"640\"\/><br \/>\n    Le nom de Paga figure toujours parmi celui des artistes qui se produiront au Delta Festival \u00e0 Marseille. (\u00a9Capture d\u2019\u00e9cran site Delta Festival)<\/p>\n<p class=\" wall-content\">Le 9\u00a0ao\u00fbt, Anthony Paggini, plus connu sous le nom de \u00ab\u2009Paga\u2009\u00bb, influenceur aux millions d\u2019abonn\u00e9s sur <a href=\"https:\/\/actu.fr\/tag\/reseaux-sociaux\" target=\"_blank\" rel=\"noopener\">les r\u00e9seaux sociaux<\/a> et star des Marseillais durant plus de dix ans, \u00e9tait <strong>interpell\u00e9 puis plac\u00e9 en garde \u00e0 vue<\/strong> \u00e0 Ramatuelle dans le <a href=\"https:\/\/actu.fr\/provence-alpes-cote-d-azur\/var_83\" target=\"_blank\" rel=\"noopener\">Var<\/a>.<\/p>\n<p>Votre r\u00e9gion, votre actu !<\/p>\n<p>Recevez chaque jour les infos qui comptent pour vous.<\/p>\n<p>\t<a href=\"https:\/\/actu.fr\/newsletter\" class=\"ac-btn ac-btn--corner ac-btn--medium ac-btn--blue800\" target=\"_blank\" rel=\"noopener\">S&rsquo;incrire<\/a><\/p>\n<p class=\" wall-content\">Apr\u00e8s une journ\u00e9e dans une plage festive, il avait \u00e9t\u00e9 arr\u00eat\u00e9 dans le cadre <strong>d\u2019une enqu\u00eate pour \u00ab\u2009viol\u2009\u00bb<\/strong> ouverte par le parquet de Draguignan apr\u00e8s la plainte d\u2019une jeune femme. Entendu toute la journ\u00e9e, il avait fini par \u00eatre <strong>lib\u00e9r\u00e9<\/strong>.<\/p>\n<p class=\" wall-content\">\n<p class=\" wall-content\">Apr\u00e8s sa lib\u00e9ration, ses avocats avaient d\u00e9nonc\u00e9 dans un communiqu\u00e9 \u00ab\u2009des accusations infond\u00e9es\u2009\u00bb.<\/p>\n<p class=\" wall-content\">Personnalisez votre actualit\u00e9 en ajoutant vos villes et m\u00e9dias en favori avec <a href=\"https:\/\/moncompte.actu.fr\" title=\"D\u00e9couvez Mon Actu\" rel=\"nofollow noopener\" data-trk=\"{&quot;cta&quot;:{&quot;action&quot;:&quot;https:\\\/\\\/moncompte.actu.fr&quot;,&quot;category&quot;:&quot;mon compte&quot;,&quot;from&quot;:&quot;article footer&quot;,&quot;name&quot;:&quot;Mon actu&quot;,&quot;type&quot;:&quot;cta&quot;}}\" target=\"_blank\">Mon Actu<\/a>.<\/p>\n<p>                    <script async src=\"\/\/www.instagram.com\/embed.js\"><\/script><\/p>\n","protected":false},"excerpt":{"rendered":"Par Thibault Nadal Publi\u00e9 le 25 ao\u00fbt 2025 \u00e0 17h27 INFO ACTU MARSEILLE. Il \u00e9tait pr\u00e9vu comme l\u2019une&hellip;\n","protected":false},"author":2,"featured_media":322847,"comment_status":"","ping_status":"","sticky":false,"template":"","format":"standard","meta":{"footnotes":""},"categories":[2814],"tags":[1111,11,1777,674,1011,27,884,12,5448,882,25,104,799],"class_list":{"0":"post-343222","1":"post","2":"type-post","3":"status-publish","4":"format-standard","5":"has-post-thumbnail","7":"category-marseille","8":"tag-actu","9":"tag-actualites","10":"tag-eu","11":"tag-europe","12":"tag-fr","13":"tag-france","14":"tag-marseille","15":"tag-news","16":"tag-plage-du-prado","17":"tag-provence-alpes-cote-dazur","18":"tag-republique-francaise","19":"tag-societe","20":"tag-violences-sexuelles"},"share_on_mastodon":{"url":"https:\/\/pubeurope.com\/@fr\/115090359910389402","error":""},"_links":{"self":[{"href":"https:\/\/www.europesays.com\/fr\/wp-json\/wp\/v2\/posts\/343222","targetHints":{"allow":["GET"]}}],"collection":[{"href":"https:\/\/www.europesays.com\/fr\/wp-json\/wp\/v2\/posts"}],"about":[{"href":"https:\/\/www.europesays.com\/fr\/wp-json\/wp\/v2\/types\/post"}],"author":[{"embeddable":true,"href":"https:\/\/www.europesays.com\/fr\/wp-json\/wp\/v2\/users\/2"}],"replies":[{"embeddable":true,"href":"https:\/\/www.europesays.com\/fr\/wp-json\/wp\/v2\/comments?post=343222"}],"version-history":[{"count":0,"href":"https:\/\/www.europesays.com\/fr\/wp-json\/wp\/v2\/posts\/343222\/revisions"}],"wp:featuredmedia":[{"embeddable":true,"href":"https:\/\/www.europesays.com\/fr\/wp-json\/wp\/v2\/media\/322847"}],"wp:attachment":[{"href":"https:\/\/www.europesays.com\/fr\/wp-json\/wp\/v2\/media?parent=343222"}],"wp:term":[{"taxonomy":"category","embeddable":true,"href":"https:\/\/www.europesays.com\/fr\/wp-json\/wp\/v2\/categories?post=343222"},{"taxonomy":"post_tag","embeddable":true,"href":"https:\/\/www.europesays.com\/fr\/wp-json\/wp\/v2\/tags?post=343222"}],"curies":[{"name":"wp","href":"https:\/\/api.w.org\/{rel}","templated":true}]}}