{"id":343223,"date":"2025-08-25T16:31:23","date_gmt":"2025-08-25T16:31:23","guid":{"rendered":"https:\/\/www.europesays.com\/fr\/343223\/"},"modified":"2025-08-25T16:31:23","modified_gmt":"2025-08-25T16:31:23","slug":"un-ancien-lyonnais-prend-le-chemin-de-marseille-france-marseille","status":"publish","type":"post","link":"https:\/\/www.europesays.com\/fr\/343223\/","title":{"rendered":"Un ancien lyonnais prend le chemin de Marseille &#8211; France &#8211; Marseille"},"content":{"rendered":"<p>Emers\u2019OM.<\/p>\n<p>D\u2019apr\u00e8s les informations de <a target=\"_blank\" href=\"https:\/\/rmcsport.bfmtv.com\/football\/transferts\/direct-mercato-toutes-les-infos-et-rumeurs-de-transfert-du-25-aout-en-live_LN-202508250221.html#article_416751\" rel=\"nofollow noopener\">RMC Sport<\/a>\u00a0de ce lundi, <strong>l\u2019Olympique de Marseille serait en train de conclure un accord avec Emerson Palmieri pour un contrat de deux ans.<\/strong> \u00c0 West Ham depuis 2022, le lat\u00e9ral gauche\u00a0\u00e9tait absent du groupe de Graham Potter lors des deux premiers matchs des Hammers en Premier League. Si ce deal se confirme, l\u2019Italien devrait donc revenir en Ligue 1, trois ans <a target=\"_blank\" href=\"https:\/\/www.sofoot.com\/articles\/emerson-peter-bosz-fait-attention-a-lhomme-c3-8es-porto-lyon\" rel=\"nofollow noopener\">apr\u00e8s sa pige \u00e0 Lyon en 2021-2022.<\/a><\/p>\n<p>Sacr\u00e9 palmar\u00e8s<\/p>\n<p>\u00c9galement connu pour \u00eatre le <a target=\"_blank\" href=\"https:\/\/www.sofoot.com\/breves\/emerson-devient-le-premier-joueur-a-remporter-tous-les-trophees-europeens\" rel=\"nofollow noopener\">premier joueur de l\u2019histoire \u00e0 remporter les quatre comp\u00e9titions europ\u00e9ennes<\/a> (Ligue des champions, Ligue Europa et Supercoupe d\u2019Europe avec Chelsea et Ligue Europa Conf\u00e9rence avec West Ham), Emerson a des qualit\u00e9s \u00e0 revendre, notamment sur les coup-francs o\u00f9 <strong>sa patte gauche a souvent \u00e9t\u00e9 redoutable en Angleterre.<\/strong><\/p>\n<p>En attendant <a target=\"_blank\" href=\"https:\/\/www.sofoot.com\/breves\/lolympique-de-marseille-songe-a-dani-ceballos-pour-remplacer-adrien-rabiot\" rel=\"nofollow noopener\">Dani Ceballos<\/a> ?<\/p>\n<p>\t\t\t\t\t\t\t\t\t\t<a class=\"lien-connexe\" href=\"https:\/\/www.sofoot.com\/breves\/le-real-madrid-est-le-club-europeen-qui-paye-le-mieux-ses-joueurs\" rel=\"nofollow noopener\" target=\"_blank\">Le Real Madrid est le club europ\u00e9en qui paye le mieux ses joueurs<\/a>\t\t\t\t\t<\/p>\n","protected":false},"excerpt":{"rendered":"Emers\u2019OM. D\u2019apr\u00e8s les informations de RMC Sport\u00a0de ce lundi, l\u2019Olympique de Marseille serait en train de conclure un&hellip;\n","protected":false},"author":2,"featured_media":343224,"comment_status":"","ping_status":"","sticky":false,"template":"","format":"standard","meta":{"footnotes":""},"categories":[2814],"tags":[1111,47,11,61,69,65,64,1777,674,63,1011,27,68,66,884,12,62,70,882,25,67],"class_list":{"0":"post-343223","1":"post","2":"type-post","3":"status-publish","4":"format-standard","5":"has-post-thumbnail","7":"category-marseille","8":"tag-actu","9":"tag-actualite","10":"tag-actualites","11":"tag-actus-football","12":"tag-bundesliga","13":"tag-championnats-europeens","14":"tag-equipe-de-france","15":"tag-eu","16":"tag-europe","17":"tag-football","18":"tag-fr","19":"tag-france","20":"tag-ligua","21":"tag-ligue-1","22":"tag-marseille","23":"tag-news","24":"tag-news-foot","25":"tag-premier-league","26":"tag-provence-alpes-cote-dazur","27":"tag-republique-francaise","28":"tag-serie-a"},"share_on_mastodon":{"url":"https:\/\/pubeurope.com\/@fr\/115090363812689736","error":""},"_links":{"self":[{"href":"https:\/\/www.europesays.com\/fr\/wp-json\/wp\/v2\/posts\/343223","targetHints":{"allow":["GET"]}}],"collection":[{"href":"https:\/\/www.europesays.com\/fr\/wp-json\/wp\/v2\/posts"}],"about":[{"href":"https:\/\/www.europesays.com\/fr\/wp-json\/wp\/v2\/types\/post"}],"author":[{"embeddable":true,"href":"https:\/\/www.europesays.com\/fr\/wp-json\/wp\/v2\/users\/2"}],"replies":[{"embeddable":true,"href":"https:\/\/www.europesays.com\/fr\/wp-json\/wp\/v2\/comments?post=343223"}],"version-history":[{"count":0,"href":"https:\/\/www.europesays.com\/fr\/wp-json\/wp\/v2\/posts\/343223\/revisions"}],"wp:featuredmedia":[{"embeddable":true,"href":"https:\/\/www.europesays.com\/fr\/wp-json\/wp\/v2\/media\/343224"}],"wp:attachment":[{"href":"https:\/\/www.europesays.com\/fr\/wp-json\/wp\/v2\/media?parent=343223"}],"wp:term":[{"taxonomy":"category","embeddable":true,"href":"https:\/\/www.europesays.com\/fr\/wp-json\/wp\/v2\/categories?post=343223"},{"taxonomy":"post_tag","embeddable":true,"href":"https:\/\/www.europesays.com\/fr\/wp-json\/wp\/v2\/tags?post=343223"}],"curies":[{"name":"wp","href":"https:\/\/api.w.org\/{rel}","templated":true}]}}