{"id":343225,"date":"2025-08-25T16:32:09","date_gmt":"2025-08-25T16:32:09","guid":{"rendered":"https:\/\/www.europesays.com\/fr\/343225\/"},"modified":"2025-08-25T16:32:09","modified_gmt":"2025-08-25T16:32:09","slug":"voici-pourquoi-thierry-gilet-jaune-historique-ne-bloquera-pas-la-ville","status":"publish","type":"post","link":"https:\/\/www.europesays.com\/fr\/343225\/","title":{"rendered":"voici pourquoi Thierry, Gilet jaune historique, ne bloquera pas la ville"},"content":{"rendered":"<p>            Par<br \/>\n        <strong><br \/>\n            <a href=\"https:\/\/actu.fr\/auteur\/julien-damboise\" title=\"Consulter tous les articles de Julien Damboise\" target=\"_blank\" rel=\"noopener\">Julien Damboise<\/a><br \/>\n        <\/strong><\/p>\n<p>        Publi\u00e9 le<\/p>\n<p>            25 ao\u00fbt 2025 \u00e0 18h23        <\/p>\n<p>Ce lundi 25 ao\u00fbt 2025, le Premier ministre <a href=\"https:\/\/actu.fr\/tag\/francois-bayrou\" target=\"_blank\" rel=\"noopener\">Fran\u00e7ois Bayrou<\/a> a pris la parole face aux appels \u00e0 <strong>bloquer le pays le 10 septembre<\/strong> 2025. Une rentr\u00e9e qui devrait \u00eatre mouvement\u00e9e dans certaines villes du pays, y compris \u00e0 <a href=\"https:\/\/actu.fr\/auvergne-rhone-alpes\/lyon_69123\" target=\"_blank\" rel=\"noopener\">Lyon<\/a> o\u00f9 une mobilisation est en pr\u00e9paration. Des organisations appellent \u00e0 d\u00e9filer. <br \/>Thierry, ancien Gilet jaune, donne son avis sur cette <strong>journ\u00e9e de col\u00e8re<\/strong> qui fait craindre le pire au gouvernement. Il explique pourquoi il ne participera pas dans l\u2019imm\u00e9diat.<\/p>\n<p>Un appel apr\u00e8s le plan pour r\u00e9duire le d\u00e9ficit<\/p>\n<p class=\" wall-content\">L\u2019appel \u00e0 la contestation a d\u00e9but\u00e9 d\u00e8s l\u2019annonce du <strong>plan d\u2019\u00e9conomies<\/strong> de 43,8 milliards d\u2019euros pour r\u00e9duire le d\u00e9ficit pr\u00e9sent\u00e9 par le Premier ministre, Fran\u00e7ois Bayrou, mi-juillet.<\/p>\n<p class=\" wall-content\">Cette \u00ab\u00a0Mobilisation 10 septembre\u00a0\u00bb, a l\u2019objectif d\u2019entamer un rassemblement de citoyens pour cr\u00e9er \u00ab\u00a0l\u2019arr\u00eat total et illimit\u00e9 du pays\u00a0\u00bb \u00e0 partir de cette date.<\/p>\n<blockquote class=\"ac-article-quote wall-content\">\n<p>Ne plus payer, ne plus consommer, ne plus travailler et garder nos enfants avec nous, prendre des cong\u00e9s, d\u00e9poser des arr\u00eats, ralentir volontairement la production, ne plus acheter dans les grandes surfaces qui profitent des baisses de cotisations.<\/p>\n<p>    <strong>Collectif Bloquons Tout ! &#8211; 10 Septembre 2025<\/strong>\n            <\/p><\/blockquote>\n<p class=\" wall-content\">Les appels se multiplient depuis des semaines sur les <a href=\"https:\/\/actu.fr\/tag\/reseaux-sociaux\" target=\"_blank\" rel=\"noopener\">r\u00e9seaux sociaux<\/a>, mais la <strong>concr\u00e9tisation<\/strong> dans la rue reste toujours la grande inconnue, y compris \u00e0 Lyon o\u00f9 un rassemblement est bien not\u00e9 sur la carte de r\u00e9f\u00e9rence.<\/p>\n<p class=\" wall-content\">\n<p class=\" wall-content\">Des occupations pacifiques de lieux symboliques et des blocages cibl\u00e9s pourraient avoir lieu, en plus d\u2019une <a href=\"https:\/\/actu.fr\/tag\/manifestations\" target=\"_blank\" rel=\"noopener\">manifestation<\/a>. Aucun parcours officiel ni lieu de rassemblement n\u2019a \u00e9t\u00e9 d\u00e9pos\u00e9 pour le moment.<\/p>\n<p>Des Gilets jaunes sur la r\u00e9serve ?<\/p>\n<p class=\" wall-content\">Contact\u00e9, un <strong>Gilet jaune, tr\u00e8s actif<\/strong> entre 2019 et 2020, fait bel et bien le parall\u00e8le entre la p\u00e9riode qui s\u2019ouvre et la forte mobilisation citoyenne en France d\u2019il y a six ans.<\/p>\n<p>Votre r\u00e9gion, votre actu !<\/p>\n<p>Recevez chaque jour les infos qui comptent pour vous.<\/p>\n<p>\t<a href=\"https:\/\/actu.fr\/newsletter\" class=\"ac-btn ac-btn--corner ac-btn--medium ac-btn--blue800\" target=\"_blank\" rel=\"noopener\">S&rsquo;incrire<\/a><\/p>\n<blockquote class=\"ac-article-quote wall-content\">\n<p>Forc\u00e9ment, \u00e7a rappelle les Gilets jaunes, \u00e7a fait remonter des choses. M\u00eame si ce mouvement est du pass\u00e9, il y a un lien dans l&rsquo;envie d&rsquo;aller dans la rue et de pr\u00e9senter un discours apartisan. <\/p>\n<p>    <strong>Thierry<\/strong><br \/>\n        Responsable d&rsquo;une salle de bien-\u00eatre \u00e2g\u00e9 de 66 ans    <\/p><\/blockquote>\n<p class=\" wall-content\">Celui qui \u00e9tait en t\u00eate de cort\u00e8ge avec ses pancartes faites \u00e0 la main se dit \u00eatre \u00ab\u00a0en r\u00e9serve, tout en observant ce qu\u2019il se passe\u00a0\u00bb, et trouve que \u00ab\u00a0la r\u00e9cup\u00e9ration politique est g\u00eanante\u00a0\u00bb. Dans la capitale des Gaules, ce sont surtout des collectifs li\u00e9s \u00e0 la <strong>mouvance ultra-gauche<\/strong> qui ont relay\u00e9 les appels.<\/p>\n<p class=\" wall-content\">\n<p class=\" wall-content\">Thierry pr\u00e9f\u00e9rera donc laisser passer le mercredi 10 septembre \u00ab\u00a0avec les syndicats\u00a0\u00bb, mais si des <strong>samedis dans la rue<\/strong> sont ensuite pr\u00e9vus, \u00ab\u00a0il r\u00e9pondra pr\u00e9sent\u00a0\u00bb : \u00ab\u00a0L\u2019action fait toujours plus parler quand elle se d\u00e9roule dans la rue.\u00a0\u00bb<\/p>\n<p class=\" wall-content\"><a href=\"https:\/\/www.instagram.com\/p\/DNprO6bo5Xb\/embed\" title=\"Ouvrir le lien sur Instagram\" target=\"_blank\" rel=\"noopener\">Visualiser le contenu sur Instagram<\/a><\/p>\n<p class=\" wall-content\">Thierry explique que sa pr\u00e9sence sera justifi\u00e9e par les fausses promesses : \u00ab\u00a0On nous a promis<strong> le ruissellement, nous avons celui de la dette du pr\u00e9sident<\/strong> Macron.\u00a0\u00bb Il explique que pour avoir 1 0000 euros net par an pour sa retraite, il serait oblig\u00e9 de travailler jusqu\u2019\u00e0 ses 72 ans.<\/p>\n<p>Bayrou sous pression<\/p>\n<p class=\" wall-content\">En attendant le 10 septembre, les discussions des opposants devraient aussi se porter sur le <strong>vote de confiance<\/strong> du gouvernement Bayrou \u00e0 l\u2019Assembl\u00e9e nationale pr\u00e9vu le 8 septembre prochain et qui <a href=\"https:\/\/actu.fr\/politique\/direct-censure-blocage-du-10-septembre-budget-jours-feries-suivez-francois-bayrou-en-conference-de-presse_63074322.html\" target=\"_blank\" rel=\"noopener\">vient d\u2019\u00eatre annonc\u00e9 par le Premier ministre<\/a>. La responsabilit\u00e9 du gouvernement sera alors engag\u00e9e sur une d\u00e9claration de politique g\u00e9n\u00e9rale.<\/p>\n<p class=\" wall-content\">Interrog\u00e9 sur la crainte de la mobilisation \u00e0 venir, Fran\u00e7ois Bayrou a tout simplement r\u00e9pondu : \u00ab\u00a0Je ne <strong>me laisse pas distraire<\/strong> par telle ou telle mobilisation. Les Fran\u00e7ais ont le droit de manifester, mais nous avons le devoir d\u2019avancer.\u00a0\u00bb\u00a0<\/p>\n<p class=\" wall-content\">La pr\u00e9fecture du Rh\u00f4ne, de son c\u00f4t\u00e9, indique qu\u2019elle suivra \u00ab\u00a0avec beaucoup d\u2019attention\u00a0\u00bb l\u2019\u00e9volution de cet appel \u00e0 se mobiliser.<\/p>\n<p class=\" wall-content\">Personnalisez votre actualit\u00e9 en ajoutant vos villes et m\u00e9dias en favori avec <a href=\"https:\/\/moncompte.actu.fr\" title=\"D\u00e9couvez Mon Actu\" rel=\"nofollow noopener\" data-trk=\"{&quot;cta&quot;:{&quot;action&quot;:&quot;https:\\\/\\\/moncompte.actu.fr&quot;,&quot;category&quot;:&quot;mon compte&quot;,&quot;from&quot;:&quot;article footer&quot;,&quot;name&quot;:&quot;Mon actu&quot;,&quot;type&quot;:&quot;cta&quot;}}\" target=\"_blank\">Mon Actu<\/a>.<\/p>\n<p>                    <script async src=\"\/\/www.instagram.com\/embed.js\"><\/script><\/p>\n","protected":false},"excerpt":{"rendered":"Par Julien Damboise Publi\u00e9 le 25 ao\u00fbt 2025 \u00e0 18h23 Ce lundi 25 ao\u00fbt 2025, le Premier ministre&hellip;\n","protected":false},"author":2,"featured_media":343226,"comment_status":"","ping_status":"","sticky":false,"template":"","format":"standard","meta":{"footnotes":""},"categories":[1889],"tags":[1111,11,416,2430,1777,674,1011,27,431,2428,1272,12,25,104],"class_list":{"0":"post-343225","1":"post","2":"type-post","3":"status-publish","4":"format-standard","5":"has-post-thumbnail","7":"category-lyon","8":"tag-actu","9":"tag-actualites","10":"tag-assemblee-nationale","11":"tag-auvergne-rhone-alpes","12":"tag-eu","13":"tag-europe","14":"tag-fr","15":"tag-france","16":"tag-francois-bayrou","17":"tag-lyon","18":"tag-manifestations","19":"tag-news","20":"tag-republique-francaise","21":"tag-societe"},"share_on_mastodon":{"url":"https:\/\/pubeurope.com\/@fr\/115090367709784406","error":""},"_links":{"self":[{"href":"https:\/\/www.europesays.com\/fr\/wp-json\/wp\/v2\/posts\/343225","targetHints":{"allow":["GET"]}}],"collection":[{"href":"https:\/\/www.europesays.com\/fr\/wp-json\/wp\/v2\/posts"}],"about":[{"href":"https:\/\/www.europesays.com\/fr\/wp-json\/wp\/v2\/types\/post"}],"author":[{"embeddable":true,"href":"https:\/\/www.europesays.com\/fr\/wp-json\/wp\/v2\/users\/2"}],"replies":[{"embeddable":true,"href":"https:\/\/www.europesays.com\/fr\/wp-json\/wp\/v2\/comments?post=343225"}],"version-history":[{"count":0,"href":"https:\/\/www.europesays.com\/fr\/wp-json\/wp\/v2\/posts\/343225\/revisions"}],"wp:featuredmedia":[{"embeddable":true,"href":"https:\/\/www.europesays.com\/fr\/wp-json\/wp\/v2\/media\/343226"}],"wp:attachment":[{"href":"https:\/\/www.europesays.com\/fr\/wp-json\/wp\/v2\/media?parent=343225"}],"wp:term":[{"taxonomy":"category","embeddable":true,"href":"https:\/\/www.europesays.com\/fr\/wp-json\/wp\/v2\/categories?post=343225"},{"taxonomy":"post_tag","embeddable":true,"href":"https:\/\/www.europesays.com\/fr\/wp-json\/wp\/v2\/tags?post=343225"}],"curies":[{"name":"wp","href":"https:\/\/api.w.org\/{rel}","templated":true}]}}