{"id":343227,"date":"2025-08-25T16:33:12","date_gmt":"2025-08-25T16:33:12","guid":{"rendered":"https:\/\/www.europesays.com\/fr\/343227\/"},"modified":"2025-08-25T16:33:12","modified_gmt":"2025-08-25T16:33:12","slug":"metropole-de-lyon-trois-pompiers-deposent-plainte-pour-menace-a-larme-blanche","status":"publish","type":"post","link":"https:\/\/www.europesays.com\/fr\/343227\/","title":{"rendered":"M\u00e9tropole de Lyon. Trois pompiers d\u00e9posent plainte pour menace \u00e0 l\u2019arme blanche"},"content":{"rendered":"<p>Aux alentours de 11 heures, le mercredi 20\u00a0ao\u00fbt, trois sapeurs-pompiers volontaires de la caserne de Jonage, ont \u00e9t\u00e9 d\u00e9p\u00each\u00e9s \u00e0 proximit\u00e9 de la rue Nationale. Un couteau plaqu\u00e9 contre sa gorge, un homme d\u2019une cinquantaine d\u2019ann\u00e9es visiblement en \u00e9tat d\u2019\u00e9bri\u00e9t\u00e9 mena\u00e7ait de se suicider. En apercevant les pompiers, l\u2019individu les a alors insult\u00e9s et menac\u00e9s avec la lame toujours entre ses mains. Par radio, les trois secouristes ont imm\u00e9diatement demand\u00e9 du renfort \u00e0 la caserne.<\/p>\n<p>\u00c0 lire aussi &gt;&gt; <a href=\"https:\/\/www.leprogres.fr\/faits-divers-justice\/2025\/08\/09\/deux-femmes-et-trois-pompiers-et-agresses-montee-de-choulans-a-ajouter-quand-je-recois\" target=\"_blank\" rel=\"noopener\">Il agresse deux femmes et trois pompiers mont\u00e9e de Choulans\u00a0: 18 mois de prison<\/a><\/p>\n<p>  Transport\u00e9 \u00e0 l\u2019h\u00f4pital<\/p>\n<p>C\u2019est finalement la police, d\u00e9j\u00e0 pr\u00e9venue, qui a permis aux pompiers de travailler sereinement. L\u2019homme a pu \u00eatre calm\u00e9 et transport\u00e9 \u00e0 l\u2019h\u00f4pital.<\/p>\n<p>Aucun d\u00e9g\u00e2t mat\u00e9riel n\u2019a \u00e9t\u00e9 constat\u00e9 et il n\u2019y a pas eu de bless\u00e9s. Les trois sapeurs-pompiers ont cependant d\u00e9pos\u00e9 plainte, pour insultes, et menaces \u00e0 l\u2019arme blanche. La caserne de Jonage ne disposant pas de cam\u00e9ra mobile, la sc\u00e8ne n\u2019a pas \u00e9t\u00e9 film\u00e9e au cours de l\u2019intervention.<\/p>\n","protected":false},"excerpt":{"rendered":"Aux alentours de 11 heures, le mercredi 20\u00a0ao\u00fbt, trois sapeurs-pompiers volontaires de la caserne de Jonage, ont \u00e9t\u00e9&hellip;\n","protected":false},"author":2,"featured_media":343228,"comment_status":"","ping_status":"","sticky":false,"template":"","format":"standard","meta":{"footnotes":""},"categories":[1889],"tags":[1111,11,2430,271,272,3152,1777,674,274,1011,27,30498,2428,12,18283,25,2429],"class_list":{"0":"post-343227","1":"post","2":"type-post","3":"status-publish","4":"format-standard","5":"has-post-thumbnail","7":"category-lyon","8":"tag-actu","9":"tag-actualites","10":"tag-auvergne-rhone-alpes","11":"tag-crime","12":"tag-delit-et-contravention","13":"tag-edition-est-lyonnais","14":"tag-eu","15":"tag-europe","16":"tag-faits-divers-justice","17":"tag-fr","18":"tag-france","19":"tag-jonage","20":"tag-lyon","21":"tag-news","22":"tag-plaine-de-lest","23":"tag-republique-francaise","24":"tag-rhone"},"share_on_mastodon":{"url":"https:\/\/pubeurope.com\/@fr\/115090371529786862","error":""},"_links":{"self":[{"href":"https:\/\/www.europesays.com\/fr\/wp-json\/wp\/v2\/posts\/343227","targetHints":{"allow":["GET"]}}],"collection":[{"href":"https:\/\/www.europesays.com\/fr\/wp-json\/wp\/v2\/posts"}],"about":[{"href":"https:\/\/www.europesays.com\/fr\/wp-json\/wp\/v2\/types\/post"}],"author":[{"embeddable":true,"href":"https:\/\/www.europesays.com\/fr\/wp-json\/wp\/v2\/users\/2"}],"replies":[{"embeddable":true,"href":"https:\/\/www.europesays.com\/fr\/wp-json\/wp\/v2\/comments?post=343227"}],"version-history":[{"count":0,"href":"https:\/\/www.europesays.com\/fr\/wp-json\/wp\/v2\/posts\/343227\/revisions"}],"wp:featuredmedia":[{"embeddable":true,"href":"https:\/\/www.europesays.com\/fr\/wp-json\/wp\/v2\/media\/343228"}],"wp:attachment":[{"href":"https:\/\/www.europesays.com\/fr\/wp-json\/wp\/v2\/media?parent=343227"}],"wp:term":[{"taxonomy":"category","embeddable":true,"href":"https:\/\/www.europesays.com\/fr\/wp-json\/wp\/v2\/categories?post=343227"},{"taxonomy":"post_tag","embeddable":true,"href":"https:\/\/www.europesays.com\/fr\/wp-json\/wp\/v2\/tags?post=343227"}],"curies":[{"name":"wp","href":"https:\/\/api.w.org\/{rel}","templated":true}]}}