{"id":343229,"date":"2025-08-25T16:35:11","date_gmt":"2025-08-25T16:35:11","guid":{"rendered":"https:\/\/www.europesays.com\/fr\/343229\/"},"modified":"2025-08-25T16:35:11","modified_gmt":"2025-08-25T16:35:11","slug":"entre-le-havre-et-lile-de-france-comment-agriparis-seine-mise-sur-la-restauration-collective-pour-relancer-le-bio","status":"publish","type":"post","link":"https:\/\/www.europesays.com\/fr\/343229\/","title":{"rendered":"Entre Le\u00a0Havre et l\u2019\u00cele de France, comment AgriParis Seine mise sur la restauration collective pour relancer le bio"},"content":{"rendered":"<p>La restauration collective peut-elle permettre \u00e0 l\u2019agriculture bio de d\u00e9finitivement sortir de la crise\u00a0? Conform\u00e9ment \u00e0 la <a href=\"https:\/\/www.humanite.fr\/en-debat\/agriculture\/la-loi-egalim-ecrasee-par-la-mondialisation-liberale\" target=\"_blank\" rel=\"noopener\">loi Egalim de 2018<\/a>, qui fixe des objectifs de d\u00e9veloppement du bio dans les cantines, c\u2019est le pari que s\u2019est fix\u00e9 l\u2019organisme AgriParis Seine, charg\u00e9 de piloter les politiques agricoles des collectivit\u00e9s du bassin de la Seine, du nord de l\u2019Yonne au\u00a0Havre, en passant par Paris et Rouen.<\/p>\n<p>Cr\u00e9\u00e9e en 2023 \u00e0 l\u2019initiative des collectivit\u00e9s locales du bassin, l\u2019association a \u00e9t\u00e9 officiellement d\u00e9sign\u00e9e op\u00e9ratrice partenaire des politiques agricoles du territoire le 11\u00a0juin dernier.<\/p>\n<p>Une solution pour une alimentation durable dans les cantines parisiennes<\/p>\n<p>Promesse de campagne d\u2019Anne Hidalgo lors des \u00e9lections municipales de 2020, AgriParis Seine&#8230;<\/p>\n","protected":false},"excerpt":{"rendered":"La restauration collective peut-elle permettre \u00e0 l\u2019agriculture bio de d\u00e9finitivement sortir de la crise\u00a0? Conform\u00e9ment \u00e0 la loi&hellip;\n","protected":false},"author":2,"featured_media":343230,"comment_status":"","ping_status":"","sticky":false,"template":"","format":"standard","meta":{"footnotes":""},"categories":[1592],"tags":[1111,11,47918,258,47919,1777,674,1011,27,662,12,626,25],"class_list":{"0":"post-343229","1":"post","2":"type-post","3":"status-publish","4":"format-standard","5":"has-post-thumbnail","7":"category-ile-de-france","8":"tag-actu","9":"tag-actualites","10":"tag-agriculture-bio","11":"tag-alimentation","12":"tag-cantines-scolaires","13":"tag-eu","14":"tag-europe","15":"tag-fr","16":"tag-france","17":"tag-ile-de-france","18":"tag-news","19":"tag-paris","20":"tag-republique-francaise"},"share_on_mastodon":{"url":"https:\/\/pubeurope.com\/@fr\/115090379477036674","error":""},"_links":{"self":[{"href":"https:\/\/www.europesays.com\/fr\/wp-json\/wp\/v2\/posts\/343229","targetHints":{"allow":["GET"]}}],"collection":[{"href":"https:\/\/www.europesays.com\/fr\/wp-json\/wp\/v2\/posts"}],"about":[{"href":"https:\/\/www.europesays.com\/fr\/wp-json\/wp\/v2\/types\/post"}],"author":[{"embeddable":true,"href":"https:\/\/www.europesays.com\/fr\/wp-json\/wp\/v2\/users\/2"}],"replies":[{"embeddable":true,"href":"https:\/\/www.europesays.com\/fr\/wp-json\/wp\/v2\/comments?post=343229"}],"version-history":[{"count":0,"href":"https:\/\/www.europesays.com\/fr\/wp-json\/wp\/v2\/posts\/343229\/revisions"}],"wp:featuredmedia":[{"embeddable":true,"href":"https:\/\/www.europesays.com\/fr\/wp-json\/wp\/v2\/media\/343230"}],"wp:attachment":[{"href":"https:\/\/www.europesays.com\/fr\/wp-json\/wp\/v2\/media?parent=343229"}],"wp:term":[{"taxonomy":"category","embeddable":true,"href":"https:\/\/www.europesays.com\/fr\/wp-json\/wp\/v2\/categories?post=343229"},{"taxonomy":"post_tag","embeddable":true,"href":"https:\/\/www.europesays.com\/fr\/wp-json\/wp\/v2\/tags?post=343229"}],"curies":[{"name":"wp","href":"https:\/\/api.w.org\/{rel}","templated":true}]}}