{"id":34323,"date":"2025-04-18T14:59:15","date_gmt":"2025-04-18T14:59:15","guid":{"rendered":"https:\/\/www.europesays.com\/fr\/34323\/"},"modified":"2025-04-18T14:59:15","modified_gmt":"2025-04-18T14:59:15","slug":"des-poubelles-ramassees-pendant-la-greve-la-ville-de-saint-etienne-sexplique","status":"publish","type":"post","link":"https:\/\/www.europesays.com\/fr\/34323\/","title":{"rendered":"Des poubelles ramass\u00e9es pendant la gr\u00e8ve : la Ville de Saint-\u00c9tienne s&rsquo;explique"},"content":{"rendered":"<p>Alors que la gr\u00e8ve des agents de collecte de Saint-\u00c9tienne M\u00e9tropole se poursuit, la municipalit\u00e9 st\u00e9phanoise a d\u00e9cid\u00e9 de faire appel \u00e0 des prestataires pour que les sacs-poubelle soient ramass\u00e9s autour des bacs de collecte.<\/p>\n<p>Le bras de fer continue dans les rues de <b>Saint-\u00c9tienne<\/b> et des alentours.<\/p>\n<p>Les \u00e9boueurs de la M\u00e9tropole sont en gr\u00e8ve pour le <b>onzi\u00e8me jour d&rsquo;affil\u00e9e<\/b>, ce jeudi 17 avril. <a class=\"url\" href=\"https:\/\/www.radioscoop.com\/infos\/greve-des-agents-de-collecte-aucune-poubelle-ramassee-a-saint-etienne-et-dans-l-ondaine_326003\" target=\"_blank\" rel=\"noopener\">Les poubelles continuent donc de s&rsquo;entasser.<\/a><\/p>\n<p>L&rsquo;op\u00e9ration sera prolong\u00e9e \u00ab\u00a0autant que n\u00e9cessaire\u00a0\u00bb<\/p>\n<p>Dans ce contexte, la Ville de Saint-\u00c9tienne a d\u00e9cid\u00e9 de faire appel \u00e0 des prestataires pour que les sacs-poubelle soient ramass\u00e9s autour des bacs de collecte.<\/p>\n<p>La municipalit\u00e9 \u00e9voque des raisons de <b>\u00ab\u00a0salubrit\u00e9 publique\u00a0\u00bb<\/b>. L&rsquo;op\u00e9ration a d\u00e9marr\u00e9 vendredi dernier. Elle se poursuivra encore cette fin de semaine, et \u00ab\u00a0sera prolong\u00e9e autant que n\u00e9cessaire\u00a0\u00bb, selon Cyrine Makhlouf, adjointe au maire charg\u00e9e de la propret\u00e9.<\/p>\n<p>\u00ab\u00a0Nous devons de notre c\u00f4t\u00e9, \u00e0 la ville de Saint-\u00c9tienne, en tant qu&rsquo;\u00e9lus responsables, trouver des solutions concernant ces sacs-poubelle pos\u00e9s sur l&rsquo;espace public\u00a0\u00bb, assure-t-elle.<\/p>\n<p>Un appel au rassemblement ce jeudi<\/p>\n<p><a class=\"url\" href=\"https:\/\/radioscoop.com\/infos\/saint-etienne-metropole-les-poubelles-s-entassent-les-negociations-reprennent_326435\" target=\"_blank\" rel=\"noopener\">Alors qu&rsquo;une r\u00e9union s&rsquo;est tenue lundi soir<\/a> entre les \u00e9lus de la M\u00e9tropole et de la CGT, les n\u00e9gociations sont pour l&rsquo;instant au point mort. Les deux parties campent sur leur position.<\/p>\n<p>De son c\u00f4t\u00e9, le syndicat appelle \u00e0 <b>un rassemblement, ce jeudi, \u00e0 17h30<\/b>, devant les locaux de Saint-\u00c9tienne M\u00e9tropole, avenue Gr\u00fcner, alors qu&rsquo;une r\u00e9union de l&rsquo;ex\u00e9cutif et des maires de l&rsquo;agglom\u00e9ration est programm\u00e9e \u00e0 18h.<\/p>\n<p>\u00ab\u00a0Ce rendez-vous marque un tournant important pour la suite de notre mouvement puisque les d\u00e9cisions budg\u00e9taires et les propositions \u00e0 venir pour les prochaines n\u00e9gociations vont se prendre \u00e0 cette occasion\u00a0\u00bb, pr\u00e9cise la CGT.<\/p>\n<p><img loading=\"lazy\" decoding=\"async\" src=\"https:\/\/www.europesays.com\/fr\/wp-content\/uploads\/2025\/04\/1744988355_659_img\" width=\"350\" height=\"200\" border=\"0\" title=\"Un v\u00c3\u00a9hicule de la police nationale\"\/><\/p>\n<p>\u25baPolice &#8211; Justice<\/p>\n<p style=\"font-size: 22px;\"><b>Points de deal d\u00e9mantel\u00e9s dans la Loire : \u00ab\u00a0la liste va s&rsquo;allonger\u00a0\u00bb<\/b><\/p>\n<p>Une vaste op\u00e9ration de police a \u00e9t\u00e9 men\u00e9e, lundi&#8230;<\/p>\n<p><\/p>\n","protected":false},"excerpt":{"rendered":"Alors que la gr\u00e8ve des agents de collecte de Saint-\u00c9tienne M\u00e9tropole se poursuit, la municipalit\u00e9 st\u00e9phanoise a d\u00e9cid\u00e9&hellip;\n","protected":false},"author":2,"featured_media":34324,"comment_status":"","ping_status":"","sticky":false,"template":"","format":"standard","meta":{"footnotes":""},"categories":[9653],"tags":[11239,1111,11,11240,2430,1271,10957,1777,674,1011,27,10956,10958,12,9662,3919,25,9920,4001],"class_list":{"0":"post-34323","1":"post","2":"type-post","3":"status-publish","4":"format-standard","5":"has-post-thumbnail","7":"category-saint-etienne","8":"tag-boueur","9":"tag-actu","10":"tag-actualites","11":"tag-agent","12":"tag-auvergne-rhone-alpes","13":"tag-cgt","14":"tag-collecte","15":"tag-eu","16":"tag-europe","17":"tag-fr","18":"tag-france","19":"tag-grve","20":"tag-mtropole","21":"tag-news","22":"tag-poubelle","23":"tag-rassemblement","24":"tag-republique-francaise","25":"tag-saint-tienne","26":"tag-saint-etienne"},"share_on_mastodon":{"url":"https:\/\/pubeurope.com\/@fr\/114359564117351838","error":""},"_links":{"self":[{"href":"https:\/\/www.europesays.com\/fr\/wp-json\/wp\/v2\/posts\/34323","targetHints":{"allow":["GET"]}}],"collection":[{"href":"https:\/\/www.europesays.com\/fr\/wp-json\/wp\/v2\/posts"}],"about":[{"href":"https:\/\/www.europesays.com\/fr\/wp-json\/wp\/v2\/types\/post"}],"author":[{"embeddable":true,"href":"https:\/\/www.europesays.com\/fr\/wp-json\/wp\/v2\/users\/2"}],"replies":[{"embeddable":true,"href":"https:\/\/www.europesays.com\/fr\/wp-json\/wp\/v2\/comments?post=34323"}],"version-history":[{"count":0,"href":"https:\/\/www.europesays.com\/fr\/wp-json\/wp\/v2\/posts\/34323\/revisions"}],"wp:featuredmedia":[{"embeddable":true,"href":"https:\/\/www.europesays.com\/fr\/wp-json\/wp\/v2\/media\/34324"}],"wp:attachment":[{"href":"https:\/\/www.europesays.com\/fr\/wp-json\/wp\/v2\/media?parent=34323"}],"wp:term":[{"taxonomy":"category","embeddable":true,"href":"https:\/\/www.europesays.com\/fr\/wp-json\/wp\/v2\/categories?post=34323"},{"taxonomy":"post_tag","embeddable":true,"href":"https:\/\/www.europesays.com\/fr\/wp-json\/wp\/v2\/tags?post=34323"}],"curies":[{"name":"wp","href":"https:\/\/api.w.org\/{rel}","templated":true}]}}