{"id":343231,"date":"2025-08-25T16:36:11","date_gmt":"2025-08-25T16:36:11","guid":{"rendered":"https:\/\/www.europesays.com\/fr\/343231\/"},"modified":"2025-08-25T16:36:11","modified_gmt":"2025-08-25T16:36:11","slug":"israel-continue-a-bafouer-le-droit-international-sindigne-msf-apres-le-bombardement-de-lhopital-nasser-qui-a-fait-20-morts-dont-5-journalistes","status":"publish","type":"post","link":"https:\/\/www.europesays.com\/fr\/343231\/","title":{"rendered":"\u00ab\u00a0Isra\u00ebl continue \u00e0 bafouer le droit international\u00a0\u00bb, s\u2019indigne MSF, apr\u00e8s le bombardement de l\u2019h\u00f4pital Nasser qui a fait 20\u00a0morts, dont 5\u00a0journalistes"},"content":{"rendered":"<p>   Le bilan du bombardement isra\u00e9lien sur l\u2019h\u00f4pital Nasser monte \u00e0 20\u00a0morts, dont cinq journalistes             <\/p>\n<p class=\"post__live-container--answer-text post__space-node\">Selon l\u2019Agence France-Presse (AFP), le porte-parole de la d\u00e9fense civile palestinienne, Mahmoud Bassal, a r\u00e9vis\u00e9 \u00e0 la hausse le bilan du bombardement isra\u00e9lien sur l\u2019h\u00f4pital Nasser, dans le sud de la bande de Gaza, annon\u00e7ant 20\u00a0morts, dont \u00ab\u00a0cinq journalistes\u00a0\u00bb \u2013\u00a0contre quatre recens\u00e9s pr\u00e9c\u00e9demment\u00a0\u2013 \u00ab\u00a0et un membre de la d\u00e9fense civile\u00a0\u00bb.<\/p>\n<p class=\"post__live-container--answer-text post__space-node\">Compte tenu des restrictions impos\u00e9es aux m\u00e9dias par Isra\u00ebl \u00e0 Gaza et des difficult\u00e9s d\u2019acc\u00e8s sur le terrain, l\u2019AFP n\u2019est pas en mesure de v\u00e9rifier de mani\u00e8re ind\u00e9pendante les bilans et les affirmations de la d\u00e9fense civile ou de l\u2019arm\u00e9e isra\u00e9lienne.<\/p>\n<p class=\"post__live-container--answer-text post__space-node\">Parmi les journalistes tu\u00e9s figurent Mohammad Salama, qui travaillait pour Al-Jazira, Hussam Al-Masri, employ\u00e9 de l\u2019agence Reuters, Mariam Dagga, qui travaillait pour l\u2019agence Associated Press, et deux autres professionnels\u00a0: Moaz Abu Taha et Ahmad Abu Aziz, tels qu\u2019identifi\u00e9s par le syndicat des journalistes palestiniens.<\/p>\n<p class=\"post__live-container--answer-text post__space-node\">Avant l\u2019annonce de ces morts, le Comit\u00e9 pour la protection des journalistes (CPJ) et Reporters sans fronti\u00e8res (RSF) recensaient pr\u00e8s de 200\u00a0journalistes tu\u00e9s depuis le d\u00e9but de la guerre \u00e0 Gaza, d\u00e9clench\u00e9e par l\u2019attaque sans pr\u00e9c\u00e9dent du Hamas sur Isra\u00ebl le 7\u00a0octobre\u00a02023.<\/p>\n","protected":false},"excerpt":{"rendered":"Le bilan du bombardement isra\u00e9lien sur l\u2019h\u00f4pital Nasser monte \u00e0 20\u00a0morts, dont cinq journalistes Selon l\u2019Agence France-Presse (AFP),&hellip;\n","protected":false},"author":2,"featured_media":343232,"comment_status":"","ping_status":"","sticky":false,"template":"","format":"standard","meta":{"footnotes":""},"categories":[1888],"tags":[1111,1928,11,1927,1777,674,1011,27,12,1926,626,1925,25],"class_list":{"0":"post-343231","1":"post","2":"type-post","3":"status-publish","4":"format-standard","5":"has-post-thumbnail","7":"category-paris","8":"tag-actu","9":"tag-actu-paris","10":"tag-actualites","11":"tag-actualites-paris","12":"tag-eu","13":"tag-europe","14":"tag-fr","15":"tag-france","16":"tag-news","17":"tag-news-paris","18":"tag-paris","19":"tag-paris-news","20":"tag-republique-francaise"},"share_on_mastodon":{"url":"https:\/\/pubeurope.com\/@fr\/115090384113390756","error":""},"_links":{"self":[{"href":"https:\/\/www.europesays.com\/fr\/wp-json\/wp\/v2\/posts\/343231","targetHints":{"allow":["GET"]}}],"collection":[{"href":"https:\/\/www.europesays.com\/fr\/wp-json\/wp\/v2\/posts"}],"about":[{"href":"https:\/\/www.europesays.com\/fr\/wp-json\/wp\/v2\/types\/post"}],"author":[{"embeddable":true,"href":"https:\/\/www.europesays.com\/fr\/wp-json\/wp\/v2\/users\/2"}],"replies":[{"embeddable":true,"href":"https:\/\/www.europesays.com\/fr\/wp-json\/wp\/v2\/comments?post=343231"}],"version-history":[{"count":0,"href":"https:\/\/www.europesays.com\/fr\/wp-json\/wp\/v2\/posts\/343231\/revisions"}],"wp:featuredmedia":[{"embeddable":true,"href":"https:\/\/www.europesays.com\/fr\/wp-json\/wp\/v2\/media\/343232"}],"wp:attachment":[{"href":"https:\/\/www.europesays.com\/fr\/wp-json\/wp\/v2\/media?parent=343231"}],"wp:term":[{"taxonomy":"category","embeddable":true,"href":"https:\/\/www.europesays.com\/fr\/wp-json\/wp\/v2\/categories?post=343231"},{"taxonomy":"post_tag","embeddable":true,"href":"https:\/\/www.europesays.com\/fr\/wp-json\/wp\/v2\/tags?post=343231"}],"curies":[{"name":"wp","href":"https:\/\/api.w.org\/{rel}","templated":true}]}}