{"id":343233,"date":"2025-08-25T16:37:19","date_gmt":"2025-08-25T16:37:19","guid":{"rendered":"https:\/\/www.europesays.com\/fr\/343233\/"},"modified":"2025-08-25T16:37:19","modified_gmt":"2025-08-25T16:37:19","slug":"les-10-expositions-les-plus-attendues-de-la-rentree-a-paris","status":"publish","type":"post","link":"https:\/\/www.europesays.com\/fr\/343233\/","title":{"rendered":"Les 10 expositions les plus attendues de la rentr\u00e9e \u00e0 Paris"},"content":{"rendered":"<p><strong>Quand :<\/strong> du 8 octobre 2025 au 18 janvier 2026<\/p>\n<p>Federico Zandomeneghi (1841-1917), Jeune fille endormie dit aussi Au lit [Fanciulla dormiente (A letto)], 1878.Palazzo Pitti \u2013 Galleria d\u2019Arte Moderna \u00a9 Gabinetto Fotografico delle Gallerie degli Uffizi<\/p>\n<p><strong>L\u2019empire du sommeil<\/strong><\/p>\n<p><strong>O\u00f9 :<\/strong> Mus\u00e9e Marmottan Monet, 2, rue Louis Boilly, 75016 Paris, <a data-offer-url=\"https:\/\/www.marmottan.fr\/\" class=\"external-link\" data-event-click=\"{&quot;element&quot;:&quot;ExternalLink&quot;,&quot;outgoingURL&quot;:&quot;https:\/\/www.marmottan.fr\/&quot;}\" href=\"https:\/\/www.marmottan.fr\/\" rel=\"nofollow noopener\" target=\"_blank\">marmottan.fr<\/a><\/p>\n<p><strong>Quand :<\/strong> du 9 octobre 2025 au 1er mars 2026<\/p>\n<p>Edward Weston, Charis, Santa Monica (Nude in doorway), 1936.\u00a9 Center for Creative Photography, Arizona Board of Regents \/ Edward Weston, Adagp, Paris, 2025 \/ Courtesy Wilson Centre for Photography<\/p>\n<p><strong>Edward Weston \u2014 Modernit\u00e9 r\u00e9v\u00e9l\u00e9e<\/strong><\/p>\n<p><strong>O\u00f9 :<\/strong> MEP &#8211; Maison europ\u00e9enne de la Photographie, 5\/7, rue de Fourcy, 75004 Paris, <a data-offer-url=\"https:\/\/www.mep-fr.org\/\" class=\"external-link\" data-event-click=\"{&quot;element&quot;:&quot;ExternalLink&quot;,&quot;outgoingURL&quot;:&quot;https:\/\/www.mep-fr.org\/&quot;}\" href=\"https:\/\/www.mep-fr.org\/\" rel=\"nofollow noopener\" target=\"_blank\">mep-fr.org<\/a><\/p>\n<p><strong>Quand :<\/strong> du 15 octobre 2025 au 25 janvier 2026<\/p>\n<p>Gerhard Richter, Selbstportrait [Autoportrait], 1996.<\/p>\n<p><strong>Gerhard Richter<\/strong><\/p>\n<p><strong>O\u00f9 :<\/strong> Fondation Louis Vuitton, 8, avenue du Mahatma Gandhi, 75116 Paris, <a data-offer-url=\"https:\/\/www.fondationlouisvuitton.fr\/fr\" class=\"external-link\" data-event-click=\"{&quot;element&quot;:&quot;ExternalLink&quot;,&quot;outgoingURL&quot;:&quot;https:\/\/www.fondationlouisvuitton.fr\/fr&quot;}\" href=\"https:\/\/www.fondationlouisvuitton.fr\/fr\" rel=\"nofollow noopener\" target=\"_blank\">fondationlouisvuitton.fr<\/a><\/p>\n","protected":false},"excerpt":{"rendered":"Quand : du 8 octobre 2025 au 18 janvier 2026 Federico Zandomeneghi (1841-1917), Jeune fille endormie dit aussi&hellip;\n","protected":false},"author":2,"featured_media":343234,"comment_status":"","ping_status":"","sticky":false,"template":"","format":"standard","meta":{"footnotes":""},"categories":[1888],"tags":[1111,1928,11,1927,3734,1777,674,1349,1011,27,12,1926,626,1925,25],"class_list":{"0":"post-343233","1":"post","2":"type-post","3":"status-publish","4":"format-standard","5":"has-post-thumbnail","7":"category-paris","8":"tag-actu","9":"tag-actu-paris","10":"tag-actualites","11":"tag-actualites-paris","12":"tag-art","13":"tag-eu","14":"tag-europe","15":"tag-expositions","16":"tag-fr","17":"tag-france","18":"tag-news","19":"tag-news-paris","20":"tag-paris","21":"tag-paris-news","22":"tag-republique-francaise"},"share_on_mastodon":{"url":"https:\/\/pubeurope.com\/@fr\/115090387288737504","error":""},"_links":{"self":[{"href":"https:\/\/www.europesays.com\/fr\/wp-json\/wp\/v2\/posts\/343233","targetHints":{"allow":["GET"]}}],"collection":[{"href":"https:\/\/www.europesays.com\/fr\/wp-json\/wp\/v2\/posts"}],"about":[{"href":"https:\/\/www.europesays.com\/fr\/wp-json\/wp\/v2\/types\/post"}],"author":[{"embeddable":true,"href":"https:\/\/www.europesays.com\/fr\/wp-json\/wp\/v2\/users\/2"}],"replies":[{"embeddable":true,"href":"https:\/\/www.europesays.com\/fr\/wp-json\/wp\/v2\/comments?post=343233"}],"version-history":[{"count":0,"href":"https:\/\/www.europesays.com\/fr\/wp-json\/wp\/v2\/posts\/343233\/revisions"}],"wp:featuredmedia":[{"embeddable":true,"href":"https:\/\/www.europesays.com\/fr\/wp-json\/wp\/v2\/media\/343234"}],"wp:attachment":[{"href":"https:\/\/www.europesays.com\/fr\/wp-json\/wp\/v2\/media?parent=343233"}],"wp:term":[{"taxonomy":"category","embeddable":true,"href":"https:\/\/www.europesays.com\/fr\/wp-json\/wp\/v2\/categories?post=343233"},{"taxonomy":"post_tag","embeddable":true,"href":"https:\/\/www.europesays.com\/fr\/wp-json\/wp\/v2\/tags?post=343233"}],"curies":[{"name":"wp","href":"https:\/\/api.w.org\/{rel}","templated":true}]}}