{"id":343235,"date":"2025-08-25T16:38:10","date_gmt":"2025-08-25T16:38:10","guid":{"rendered":"https:\/\/www.europesays.com\/fr\/343235\/"},"modified":"2025-08-25T16:38:10","modified_gmt":"2025-08-25T16:38:10","slug":"ils-celebrent-leur-mariage-dans-une-celebre-salle-de-sport-en-plein-air-et-dechainent-les-reseaux","status":"publish","type":"post","link":"https:\/\/www.europesays.com\/fr\/343235\/","title":{"rendered":"ils c\u00e9l\u00e8brent leur \u00ab\u00a0mariage\u00a0\u00bb dans une c\u00e9l\u00e8bre salle de sport en plein air et d\u00e9cha\u00eenent les r\u00e9seaux"},"content":{"rendered":"<p>            Par<br \/>\n        <strong><br \/>\n            <a href=\"https:\/\/actu.fr\/auteur\/redaction-paris\" title=\"Consulter tous les articles de R\u00e9daction Paris\" target=\"_blank\" rel=\"noopener\">R\u00e9daction Paris<\/a><br \/>\n        <\/strong><\/p>\n<p>        Publi\u00e9 le<\/p>\n<p>            25 ao\u00fbt 2025 \u00e0 18h23        <\/p>\n<p>La mari\u00e9e, un bouquet de roses blanches dans une main, un pan de sa robe immacul\u00e9e dans l\u2019autre, slalome entre les barres de musculation, suivie par un cort\u00e8ge d\u2019hommes, tous plus muscl\u00e9s les uns que les autres. Sur les \u00e9paules de l\u2019un d\u2019eux : le mari\u00e9. Alors que la saison des noces bat son plein, <strong>la vid\u00e9o d\u2019un mariage<\/strong> c\u00e9l\u00e9br\u00e9 dans l\u2019espace de street workout de Bercy \u00e0 Paris a \u00e9t\u00e9 diffus\u00e9e sur les <a href=\"https:\/\/actu.fr\/tag\/reseaux-sociaux\" target=\"_blank\" rel=\"noopener\">r\u00e9seaux sociaux<\/a>, dimanche 24 ao\u00fbt 2025, d\u00e9clenchant en quelques heures les passions\u2026 et les commentaires haineux.<\/p>\n<p>\u00ab\u00a0Pourquoi ne pas faire ce projet ?\u00a0\u00bb<\/p>\n<p class=\" wall-content\">Des r\u00e9actions qui auraient pu blesser les jeunes mari\u00e9s, si l\u2019\u00e9v\u00e9nement avait \u00e9t\u00e9 r\u00e9el. Contact\u00e9 par <a href=\"https:\/\/actu.fr\/paris\/dernieres-actus\" target=\"_blank\" rel=\"noopener\">actu Paris<\/a>, Victor-Emmanuel Tan l\u2019assure : \u00ab Ce n\u2019est pas un mariage officiel, mais <strong>un shooting photo<\/strong> bas\u00e9 sur le th\u00e8me du mariage. \u00bb\u00a0La raison de cette mise en sc\u00e8ne ? \u00ab Ma femme est mod\u00e8le photo \/ mannequin. Donc, avec les gens de Bercy, on s\u2019est dit : pourquoi ne pas faire ce projet pour ajouter un peu d\u2019amour, de joie et de bonne humeur au street workout de Bercy. \u00bb\u00a0<\/p>\n<p class=\" wall-content\">Un lieu bien connu des amateurs de musculation, que le faux mari\u00e9 fr\u00e9quente plusieurs fois par semaine depuis 2016. Avec le temps, des liens se sont tiss\u00e9s. \u00ab Les personnes pr\u00e9sentes sur le terrain ne sont pas mes amis, <strong>ce sont mes acolytes<\/strong> de guerre \u00bb, pr\u00e9cise-t-il \u00e0 actu au sujet des hommes tout en muscles que l\u2019on peut voir entourant la mari\u00e9e dans les nombreuses vid\u00e9os diffus\u00e9es sur <a href=\"https:\/\/actu.fr\/tag\/tiktok\" target=\"_blank\" rel=\"noopener\">TikTok<\/a>. Sa compagne, l\u2019une de ses \u00ab sources de motivation durant l\u2019entra\u00eenement \u00bb, l\u2019accompagnant parfois, le choix de ce lieu s\u2019est impos\u00e9 naturellement.<\/p>\n<p class=\" wall-content\">Premi\u00e8re danse des \u00e9poux, euphorie des invit\u00e9s, repas\u2026 Tous les temps forts d\u2019un mariage \u00e9taient l\u00e0. De quoi donner envie au jeune couple de se dire \u00ab\u00a0oui\u00a0\u00bb pour de vrai ? \u00ab Nous ne sommes <strong>pas encore officiellement mari\u00e9s<\/strong> \u00e0 la mairie. Mais si je fais un mariage, ce sera loin d\u2019\u00eatre \u00e0 Bercy. \u00bb<\/p>\n<p class=\" wall-content\">Personnalisez votre actualit\u00e9 en ajoutant vos villes et m\u00e9dias en favori avec <a href=\"https:\/\/moncompte.actu.fr\" title=\"D\u00e9couvez Mon Actu\" rel=\"nofollow noopener\" data-trk=\"{&quot;cta&quot;:{&quot;action&quot;:&quot;https:\\\/\\\/moncompte.actu.fr&quot;,&quot;category&quot;:&quot;mon compte&quot;,&quot;from&quot;:&quot;article footer&quot;,&quot;name&quot;:&quot;Mon actu&quot;,&quot;type&quot;:&quot;cta&quot;}}\" target=\"_blank\">Mon Actu<\/a>.<\/p>\n","protected":false},"excerpt":{"rendered":"Par R\u00e9daction Paris Publi\u00e9 le 25 ao\u00fbt 2025 \u00e0 18h23 La mari\u00e9e, un bouquet de roses blanches dans&hellip;\n","protected":false},"author":2,"featured_media":343236,"comment_status":"","ping_status":"","sticky":false,"template":"","format":"standard","meta":{"footnotes":""},"categories":[1888],"tags":[11,1777,674,1011,27,1757,1930,12,626,25,938,517],"class_list":{"0":"post-343235","1":"post","2":"type-post","3":"status-publish","4":"format-standard","5":"has-post-thumbnail","7":"category-paris","8":"tag-actualites","9":"tag-eu","10":"tag-europe","11":"tag-fr","12":"tag-france","13":"tag-insolite","14":"tag-mariage","15":"tag-news","16":"tag-paris","17":"tag-republique-francaise","18":"tag-reseaux-sociaux","19":"tag-sport"},"share_on_mastodon":{"url":"","error":""},"_links":{"self":[{"href":"https:\/\/www.europesays.com\/fr\/wp-json\/wp\/v2\/posts\/343235","targetHints":{"allow":["GET"]}}],"collection":[{"href":"https:\/\/www.europesays.com\/fr\/wp-json\/wp\/v2\/posts"}],"about":[{"href":"https:\/\/www.europesays.com\/fr\/wp-json\/wp\/v2\/types\/post"}],"author":[{"embeddable":true,"href":"https:\/\/www.europesays.com\/fr\/wp-json\/wp\/v2\/users\/2"}],"replies":[{"embeddable":true,"href":"https:\/\/www.europesays.com\/fr\/wp-json\/wp\/v2\/comments?post=343235"}],"version-history":[{"count":0,"href":"https:\/\/www.europesays.com\/fr\/wp-json\/wp\/v2\/posts\/343235\/revisions"}],"wp:featuredmedia":[{"embeddable":true,"href":"https:\/\/www.europesays.com\/fr\/wp-json\/wp\/v2\/media\/343236"}],"wp:attachment":[{"href":"https:\/\/www.europesays.com\/fr\/wp-json\/wp\/v2\/media?parent=343235"}],"wp:term":[{"taxonomy":"category","embeddable":true,"href":"https:\/\/www.europesays.com\/fr\/wp-json\/wp\/v2\/categories?post=343235"},{"taxonomy":"post_tag","embeddable":true,"href":"https:\/\/www.europesays.com\/fr\/wp-json\/wp\/v2\/tags?post=343235"}],"curies":[{"name":"wp","href":"https:\/\/api.w.org\/{rel}","templated":true}]}}