{"id":343241,"date":"2025-08-25T16:41:11","date_gmt":"2025-08-25T16:41:11","guid":{"rendered":"https:\/\/www.europesays.com\/fr\/343241\/"},"modified":"2025-08-25T16:41:11","modified_gmt":"2025-08-25T16:41:11","slug":"les-responsables-travaillent-pour-faire-cesser-la-guerre-en-ukraine-dit-kellogg","status":"publish","type":"post","link":"https:\/\/www.europesays.com\/fr\/343241\/","title":{"rendered":"Les responsables travaillent pour faire cesser la guerre en Ukraine, dit Kellogg"},"content":{"rendered":"<p>L&rsquo;envoy\u00e9 sp\u00e9cial am\u00e9ricain, Keith Kellogg, a d\u00e9clar\u00e9 lundi \u00e0 Kyiv que les responsables travaillent \u00abtr\u00e8s, tr\u00e8s dur\u00bb pour mettre fin \u00e0 la guerre de trois ans entre la Russie et l&rsquo;Ukraine, l&rsquo;absence de progr\u00e8s alimentant les doutes quant \u00e0 la perspective d&rsquo;un accord de paix.<\/p>\n<p>Les responsables \u00abesp\u00e8rent parvenir \u00e0 une situation o\u00f9, \u00e0 court terme, nous disposerons, faute de meilleur terme, de garanties de s\u00e9curit\u00e9\u00bb qui apaiseront les craintes de l&rsquo;Ukraine d&rsquo;une nouvelle invasion russe, a d\u00e9clar\u00e9 M. Kellogg.<\/p>\n<p>\u00abC&rsquo;est un travail en cours\u00bb, a dit M. Kellogg, \u00e0 propos des garanties de s\u00e9curit\u00e9 potentielles, apr\u00e8s avoir assist\u00e9 au petit-d\u00e9jeuner national de pri\u00e8re annuel de l&rsquo;Ukraine, en compagnie de responsables politiques, de chefs d&rsquo;entreprise et de diplomates.<\/p>\n<p>Il y a une semaine, le pr\u00e9sident des \u00c9tats-Unis, Donald Trump, a annonc\u00e9 avoir mis en place des arrangements pour des pourparlers de paix directs entre le pr\u00e9sident russe, Vladimir Poutine, et le pr\u00e9sident ukrainien, Volodymyr Zelensky. Mais les responsables russes ont indiqu\u00e9 qu&rsquo;un tel sommet n&rsquo;aurait pas lieu de sit\u00f4t.<\/p>\n<p>M. Trump a affirm\u00e9 vendredi qu&rsquo;il comptait d\u00e9cider des prochaines \u00e9tapes dans deux semaines, si des pourparlers directs n&rsquo;\u00e9taient pas pr\u00e9vus.<\/p>\n<p>L&rsquo;afflux de visiteurs de haut rang \u00e0 Kyiv ces derniers jours refl\u00e8te les inqui\u00e9tudes suscit\u00e9es par la campagne de paix men\u00e9e par les \u00c9tats-Unis.<\/p>\n<p>Le premier ministre Mark Carney s&rsquo;est rendu \u00e0 Kyiv dimanche pour rencontrer M. Zelensky, promettant une aide de 2 milliards $ CAN, et le secr\u00e9taire g\u00e9n\u00e9ral de l&rsquo;OTAN, Mark Rutte, \u00e9tait dans la capitale ukrainienne vendredi. Le vice-chancelier et ministre des Finances allemand, Lars Klingbeil, est arriv\u00e9 \u00e0 Kyiv lundi pour discuter de \u00abla meilleure fa\u00e7on pour l&rsquo;Allemagne de soutenir l&rsquo;Ukraine dans un \u00e9ventuel processus de paix\u00bb.<\/p>\n<p>Vladimir Poutine s&rsquo;est entretenu par t\u00e9l\u00e9phone avec le pr\u00e9sident iranien, Massoud Pezeshkian, lundi, a annonc\u00e9 le Kremlin. La Russie et l&rsquo;Iran entretiennent des relations \u00e9troites, et le pr\u00e9sident russe a \u00e9galement renforc\u00e9 ses liens avec la Chine, l&rsquo;Inde et la Cor\u00e9e du Nord, les pays occidentaux ayant pris le parti de l&rsquo;Ukraine dans la guerre.<\/p>\n<p>MM. Poutine et Pezeshkian devraient se rencontrer la semaine prochaine, \u00e0 l&rsquo;occasion du sommet annuel de l&rsquo;Organisation de coop\u00e9ration de Shanghai (OCS), qui se tiendra \u00e0 Tianjin, en Chine.<\/p>\n<p><b>L&rsquo;Allemagne et la Norv\u00e8ge promettent une aide accrue \u00e0 l&rsquo;Ukraine<\/b><\/p>\n<p>Lars Klingbeil, le vice-chancelier allemand, a dit au pr\u00e9sident Zelensky que les alli\u00e9s de l&rsquo;Ukraine devaient \u00abdiscuter de ce qui se passerait si le pr\u00e9sident Poutine persistait, s&rsquo;il souhaitait poursuivre la guerre\u00bb.<\/p>\n<p>L&rsquo;Allemagne continuera de soutenir l&rsquo;Ukraine, a-t-il assur\u00e9, faisant \u00e9cho aux propos tenus par le premier ministre norv\u00e9gien, Jonas Gahr Store, plus t\u00f4t dans la journ\u00e9e.<\/p>\n<p>Le soutien militaire et civil de plusieurs milliards de dollars am\u00e9ricains de la Norv\u00e8ge \u00e0 la lutte de l&rsquo;Ukraine contre l&rsquo;invasion russe se poursuivra jusqu&rsquo;\u00e0 l&rsquo;ann\u00e9e prochaine, a affirm\u00e9 M. Store \u00e0 Kyiv. Il a ajout\u00e9 qu&rsquo;il proposerait au Parlement norv\u00e9gien de consacrer 8,45 milliards $ US \u00e0 l&rsquo;Ukraine l&rsquo;ann\u00e9e prochaine.<\/p>\n<p>Le premier ministre Store, dont le pays est limitrophe de la Russie, a d\u00e9clar\u00e9 lors d&rsquo;une conf\u00e9rence de presse avec Volodymyr Zelensky que l&rsquo;Ukraine \u00abd\u00e9fend un principe essentiel au niveau europ\u00e9en\u00bb en refusant d&rsquo;accepter la saisie territoriale par la Russie.<\/p>\n<p>Selon les analystes, Vladimir Poutine pense pouvoir surpasser l&rsquo;engagement des gouvernements occidentaux envers l&rsquo;Ukraine et utiliser son arm\u00e9e, plus grande, pour conqu\u00e9rir davantage de territoires ukrainiens, alors que les n\u00e9gociations de paix sont en cours.<\/p>\n<p><b>Les attaques de drones se poursuivent <\/b><\/p>\n<p>L&rsquo;arm\u00e9e de l&rsquo;air ukrainienne a annonc\u00e9 que la Russie avait lanc\u00e9 104 drones d&rsquo;attaque et de leurre dans la nuit de dimanche \u00e0 lundi, ciblant le nord et l&rsquo;est du pays. Aucun d\u00e9g\u00e2t ni victime n&rsquo;a \u00e9t\u00e9 signal\u00e9 dans l&rsquo;imm\u00e9diat.<\/p>\n<p>L&rsquo;Ukraine a poursuivi ses attaques de drones \u00e0 longue port\u00e9e contre la Russie, touchant des raffineries de p\u00e9trole, des armureries et des plateformes de transport, perturbant ainsi les vols commerciaux pendant les vacances d&rsquo;\u00e9t\u00e9.<\/p>\n<p>Dimanche, un avion \u00e9gyptien transportant des touristes russes de Charm el-Cheikh \u00e0 Saint-P\u00e9tersbourg a \u00e9t\u00e9 d\u00e9rout\u00e9 vers Tallinn, en Estonie, l&rsquo;a\u00e9roport international de l&rsquo;ancienne capitale russe ayant \u00e9t\u00e9 temporairement ferm\u00e9 en raison d&rsquo;une attaque de drone, a rapport\u00e9 le quotidien estonien \u00abPostimees\u00bb.<\/p>\n<p>Parall\u00e8lement, le minist\u00e8re russe de la D\u00e9fense a signal\u00e9 l&rsquo;interception de 23 drones ukrainiens dans la nuit et lundi matin au-dessus de sept r\u00e9gions russes, \u00e0 la fois \u00e0 la fronti\u00e8re avec l&rsquo;Ukraine ou \u00e0 proximit\u00e9, et plus loin \u00e0 l&rsquo;int\u00e9rieur de la Russie.<\/p>\n<p>Illia Novikov, The Associated Press<\/p>\n","protected":false},"excerpt":{"rendered":"L&rsquo;envoy\u00e9 sp\u00e9cial am\u00e9ricain, Keith Kellogg, a d\u00e9clar\u00e9 lundi \u00e0 Kyiv que les responsables travaillent \u00abtr\u00e8s, tr\u00e8s dur\u00bb pour&hellip;\n","protected":false},"author":2,"featured_media":343242,"comment_status":"","ping_status":"","sticky":false,"template":"","format":"standard","meta":{"footnotes":""},"categories":[1590],"tags":[11,1777,674,45221,37870,17915,5493,7403,2489,12,220,135,134],"class_list":{"0":"post-343241","1":"post","2":"type-post","3":"status-publish","4":"format-standard","5":"has-post-thumbnail","7":"category-ukraine","8":"tag-actualites","9":"tag-eu","10":"tag-europe","11":"tag-garanties-de-securite","12":"tag-keith-kellogg","13":"tag-kyiv","14":"tag-lukraine","15":"tag-la-guerre","16":"tag-la-russie","17":"tag-news","18":"tag-ukraine","19":"tag-vladimir-poutine","20":"tag-volodymyr-zelensky"},"share_on_mastodon":{"url":"https:\/\/pubeurope.com\/@fr\/115090403332679083","error":""},"_links":{"self":[{"href":"https:\/\/www.europesays.com\/fr\/wp-json\/wp\/v2\/posts\/343241","targetHints":{"allow":["GET"]}}],"collection":[{"href":"https:\/\/www.europesays.com\/fr\/wp-json\/wp\/v2\/posts"}],"about":[{"href":"https:\/\/www.europesays.com\/fr\/wp-json\/wp\/v2\/types\/post"}],"author":[{"embeddable":true,"href":"https:\/\/www.europesays.com\/fr\/wp-json\/wp\/v2\/users\/2"}],"replies":[{"embeddable":true,"href":"https:\/\/www.europesays.com\/fr\/wp-json\/wp\/v2\/comments?post=343241"}],"version-history":[{"count":0,"href":"https:\/\/www.europesays.com\/fr\/wp-json\/wp\/v2\/posts\/343241\/revisions"}],"wp:featuredmedia":[{"embeddable":true,"href":"https:\/\/www.europesays.com\/fr\/wp-json\/wp\/v2\/media\/343242"}],"wp:attachment":[{"href":"https:\/\/www.europesays.com\/fr\/wp-json\/wp\/v2\/media?parent=343241"}],"wp:term":[{"taxonomy":"category","embeddable":true,"href":"https:\/\/www.europesays.com\/fr\/wp-json\/wp\/v2\/categories?post=343241"},{"taxonomy":"post_tag","embeddable":true,"href":"https:\/\/www.europesays.com\/fr\/wp-json\/wp\/v2\/tags?post=343241"}],"curies":[{"name":"wp","href":"https:\/\/api.w.org\/{rel}","templated":true}]}}