{"id":343251,"date":"2025-08-25T16:46:14","date_gmt":"2025-08-25T16:46:14","guid":{"rendered":"https:\/\/www.europesays.com\/fr\/343251\/"},"modified":"2025-08-25T16:46:14","modified_gmt":"2025-08-25T16:46:14","slug":"budget-2026-francois-bayrou-alarmiste-sur-une-france-au-bord-du-surendettement-un-vote-de-confiance-a-lassemblee-nationale-le-8-septembre","status":"publish","type":"post","link":"https:\/\/www.europesays.com\/fr\/343251\/","title":{"rendered":"Budget 2026 : Fran\u00e7ois Bayrou alarmiste sur une France \u00ab\u00a0au bord du surendettement\u00a0\u00bb, un vote de confiance \u00e0 l&rsquo;Assembl\u00e9e nationale le 8 septembre"},"content":{"rendered":"<p>\tBudget 2026 : Fran\u00e7ois Bayrou alarmiste sur une France \u00ab\u00a0au bord du surendettement\u00a0\u00bb, un vote de confiance \u00e0 l&rsquo;Assembl\u00e9e nationale le 8 septembre &#8211; Touteleurope.eu<\/p>\n<p>\t\t<img decoding=\"async\" alt=\"fermer\" class=\"close-info\" src=\"https:\/\/www.touteleurope.eu\/wp-content\/themes\/toute_leurope\/assets\/images\/close-picto-blue.svg\"\/><\/p>\n<p>Touteleurope.eu est le site p\u00e9dagogique de r\u00e9f\u00e9rence sur les questions europ\u00e9ennes : <a href=\"https:\/\/www.touteleurope.eu\/qui-sommes-nous\/\" target=\"_blank\" rel=\"noopener\">Qui sommes-nous ?<\/a><\/p>\n<p><img decoding=\"async\" class=\"logo-pdf\" alt=\"Toute L'Europe \u2013 Comprendre l'Europe\" src=\"data:image\/svg+xml,%3Csvg%20xmlns=\" http:=\"\" data-lazy-src=\"https:\/\/www.touteleurope.eu\/wp-content\/themes\/toute_leurope\/assets\/images\/logo-ttl.svg\"\/><\/p>\n","protected":false},"excerpt":{"rendered":"Budget 2026 : Fran\u00e7ois Bayrou alarmiste sur une France \u00ab\u00a0au bord du surendettement\u00a0\u00bb, un vote de confiance \u00e0&hellip;\n","protected":false},"author":2,"featured_media":343252,"comment_status":"","ping_status":"","sticky":false,"template":"","format":"standard","meta":{"footnotes":""},"categories":[1586],"tags":[11,47920,7993,33,1777,674,1779,1011,27,12,47921,6311,25,1778,364],"class_list":{"0":"post-343251","1":"post","2":"type-post","3":"status-publish","4":"format-standard","5":"has-post-thumbnail","7":"category-europe","8":"tag-actualites","9":"tag-deficit-dette","10":"tag-dette-publique","11":"tag-economie","12":"tag-eu","13":"tag-europe","14":"tag-european-union","15":"tag-fr","16":"tag-france","17":"tag-news","18":"tag-pacte-de-stabilite-et-de-croissance","19":"tag-pib","20":"tag-republique-francaise","21":"tag-ue","22":"tag-union-europeenne"},"share_on_mastodon":{"url":"https:\/\/pubeurope.com\/@fr\/115090423037397248","error":""},"_links":{"self":[{"href":"https:\/\/www.europesays.com\/fr\/wp-json\/wp\/v2\/posts\/343251","targetHints":{"allow":["GET"]}}],"collection":[{"href":"https:\/\/www.europesays.com\/fr\/wp-json\/wp\/v2\/posts"}],"about":[{"href":"https:\/\/www.europesays.com\/fr\/wp-json\/wp\/v2\/types\/post"}],"author":[{"embeddable":true,"href":"https:\/\/www.europesays.com\/fr\/wp-json\/wp\/v2\/users\/2"}],"replies":[{"embeddable":true,"href":"https:\/\/www.europesays.com\/fr\/wp-json\/wp\/v2\/comments?post=343251"}],"version-history":[{"count":0,"href":"https:\/\/www.europesays.com\/fr\/wp-json\/wp\/v2\/posts\/343251\/revisions"}],"wp:featuredmedia":[{"embeddable":true,"href":"https:\/\/www.europesays.com\/fr\/wp-json\/wp\/v2\/media\/343252"}],"wp:attachment":[{"href":"https:\/\/www.europesays.com\/fr\/wp-json\/wp\/v2\/media?parent=343251"}],"wp:term":[{"taxonomy":"category","embeddable":true,"href":"https:\/\/www.europesays.com\/fr\/wp-json\/wp\/v2\/categories?post=343251"},{"taxonomy":"post_tag","embeddable":true,"href":"https:\/\/www.europesays.com\/fr\/wp-json\/wp\/v2\/tags?post=343251"}],"curies":[{"name":"wp","href":"https:\/\/api.w.org\/{rel}","templated":true}]}}