{"id":343253,"date":"2025-08-25T16:47:16","date_gmt":"2025-08-25T16:47:16","guid":{"rendered":"https:\/\/www.europesays.com\/fr\/343253\/"},"modified":"2025-08-25T16:47:16","modified_gmt":"2025-08-25T16:47:16","slug":"vagues-jusqua-5-metres-alerte-submersion-cest-quoi-cette-houle-cyclonique-qui-va-deferler-sur-la-france","status":"publish","type":"post","link":"https:\/\/www.europesays.com\/fr\/343253\/","title":{"rendered":"Vagues jusqu&rsquo;\u00e0 5 m\u00e8tres, alerte submersion\u2026 C\u2019est quoi cette houle cyclonique qui va d\u00e9ferler sur la France"},"content":{"rendered":"<p>            Par<br \/>\n        <strong><br \/>\n            <a href=\"https:\/\/actu.fr\/auteur\/briac-trebert\" title=\"Consulter tous les articles de Briac Tr\u00e9bert\" target=\"_blank\" rel=\"noopener\">Briac Tr\u00e9bert<\/a><br \/>\n        <\/strong><\/p>\n<p>        Publi\u00e9 le<\/p>\n<p>            25 ao\u00fbt 2025 \u00e0 16h18<br \/>\n        ; mis \u00e0 jour le 25 ao\u00fbt 2025 \u00e0 16h19    <\/p>\n<p>L\u2019ex-<a href=\"https:\/\/actu.fr\/meteo\/orages-violents-coup-de-vent-forte-houle-les-restes-de-l-ouragan-erin-vont-secouer-la-france-cette-semaine_63073027.html\" target=\"_blank\" rel=\"noopener\">ouragan Erin<\/a> va terminer sa course au nord-ouest de l\u2019Irlande et s\u2019\u00e9teindre, cette semaine, mais sa <strong>houle cyclonique<\/strong> va se faire sentir sur les c\u00f4tes, en France, entre <a href=\"https:\/\/actu.fr\/bretagne\/rennes_35238\/des-vagues-jusqu-a-5-metres-de-haut-l-ouragan-erin-va-agiter-la-bretagne-voici-a-quoi-s-attendre_63074124.html\" target=\"_blank\" rel=\"noopener\">la Bretagne<\/a> et le sud-ouest du pays.<\/p>\n<p class=\" wall-content\">M\u00e9t\u00e9o France a d\u2019ores et d\u00e9j\u00e0 plac\u00e9 <strong>six d\u00e9partements en vigilance jaune vagues-submersion<\/strong> \u00e0 partir du mardi 26 ao\u00fbt 2025 : il s\u2019agit des d\u00e9partements de Charente-Maritime, des C\u00f4tes-d\u2019Armor, du Finist\u00e8re, <a href=\"https:\/\/actu.fr\/nouvelle-aquitaine\/la-teste-de-buch_33529\/vagues-de-quatre-metres-avant-son-passage-la-houle-cyclonique-perturbe-deja-cet-espace-naturel-de-gironde_63074484.html\" target=\"_blank\" rel=\"noopener\">de la Gironde<\/a>, des Landes, et des Pyr\u00e9n\u00e9es-Atlantiques.\u00a0<\/p>\n<p class=\" wall-content\">\u00ab\u00a0Les mod\u00e8les de pr\u00e9vision de vagues (ECMWF &amp; GFS-WW3) convergent. Des houles significatives de sept \u00e0 huit m\u00e8tres sont attendues au large de l\u2019Atlantique\u00a0\u00bb, explique sur actu.fr le m\u00e9t\u00e9orologue et oc\u00e9anographe Yann Amice. Sur les c\u00f4tes fran\u00e7aises, d\u2019apr\u00e8s les mod\u00e8les, <strong>la houle devrait atteindre trois \u00e0 cinq m\u00e8tres<\/strong>, selon l\u2019exposition, et arriver \u00e0 partir de ce mardi matin, 26 ao\u00fbt 2025 \u00e0 la pointe de la Torche (Finist\u00e8re) et dans l\u2019apr\u00e8s-midi en Aquitaine.<\/p>\n<blockquote class=\"ac-article-quote wall-content\">\n<p>Ces vagues se sont form\u00e9es dans le p\u00e9rim\u00e8tre de la profonde d\u00e9pression que l&rsquo;on associe \u00e0 l&rsquo;ex-ouragan Erin o\u00f9 les vents cycloniques ont souffl\u00e9 fort et longtemps. Ces vents ont continu\u00e9 \u00e0 assurer la croissance de ces vagues. Cela permet de transf\u00e9rer une \u00e9nergie exceptionnelle vers l\u2019oc\u00e9an, donc une houle longue et puissante, capable de voyager sur de longues distances sans perdre au final trop de ses caract\u00e9ristiques. <\/p>\n<p>    <strong>Yann Amice <\/strong><br \/>\n        M\u00e9t\u00e9orologue et oc\u00e9anographe     <\/p><\/blockquote>\n<p>Une houle g\u00e9n\u00e9r\u00e9e au large, avec beaucoup d\u2019\u00e9nergie\u00a0<\/p>\n<p class=\" wall-content\">\u00ab Il s\u2019agira d\u2019une houle cyclonique g\u00e9n\u00e9r\u00e9e au large, et non li\u00e9 \u00e0 du vent localement \u00bb, insiste l\u2019oc\u00e9anographe, qui \u00e9voque une \u00ab \u00e9nergie importante \u00bb, et un fort impact c\u00f4tier. \u00a0Il y aura une longue p\u00e9riode entre les vagues, ce qui cr\u00e9era <strong>une houle \u00e9nerg\u00e9tique avec beaucoup de puissance<\/strong>.\u00a0<\/p>\n<p>    <img   decoding=\"async\" loading=\"lazy\" src=\"https:\/\/www.europesays.com\/fr\/wp-content\/uploads\/2025\/08\/houlecyclonique-960x640.jpeg\" alt=\"ddd\" width=\"960\" height=\"640\"\/><br \/>\n    ddd (\u00a9WeatherNCo avec Meteologix)<\/p>\n<p class=\" wall-content\">L\u2019\u00e9l\u00e9vation du niveau d\u2019eau accentuera les risques de submersion localis\u00e9e et d\u2019\u00e9rosion du littoral et les mouillages des bateaux vont \u00eatre particuli\u00e8rement sollicit\u00e9s alors que les coefficients des mar\u00e9es seront de l\u2019ordre de 90.<\/p>\n<p>Votre r\u00e9gion, votre actu !<\/p>\n<p>Recevez chaque jour les infos qui comptent pour vous.<\/p>\n<p>\t<a href=\"https:\/\/actu.fr\/newsletter\" class=\"ac-btn ac-btn--corner ac-btn--medium ac-btn--blue800\" target=\"_blank\" rel=\"noopener\">S&rsquo;incrire<\/a><\/p>\n<blockquote class=\"ac-article-quote wall-content\">\n<p>Ce mardi 26 ao\u00fbt 2025,\u00a0une perturbation li\u00e9e \u00e0 l\u2019ex-cyclone \u00ab\u00a0Erin\u00a0\u00bb g\u00e9n\u00e9rera une\u00a0houle \u00e9nerg\u00e9tique\u00a0avec des vagues de quatre \u00e0 cinq m\u00e8tres sur les rivages atlantiques et d\u2019entr\u00e9e de Manche avec une \u00e9l\u00e9vation du niveau de la mer pouvant cr\u00e9er des\u00a0submersions\u00a0locales, notamment au moment des pleines mers, soit le matin en Bretagne, le soir en Aquitaine. \u00a0\n<\/p>\n<p>    <strong>M\u00e9t\u00e9o France<\/strong>\n            <\/p><\/blockquote>\n<p class=\" wall-content\">Ces houles seront amplifi\u00e9es par les <strong>forts coefficients des mar\u00e9es<\/strong>, rendant la situation particuli\u00e8rement dangereuse pour les baigneurs, les surfeurs, mais aussi les promeneurs rest\u00e9s sur le sable.<\/p>\n<p class=\" wall-content\">Outre ses vents, les ouragans provoquent une houle longue qui se d\u00e9place plus rapidement que le cyclone, et est parfois observ\u00e9e jusqu\u2019\u00e0 1 000 km \u00e0 l\u2019avant du cyclone, ainsi qu\u2019une <strong>sur\u00e9l\u00e9vation anormale du niveau de la mer<\/strong>, connue sous le nom de \u00ab <strong>mar\u00e9e de temp\u00eate \u00bb<\/strong>, rappelle <a href=\"https:\/\/meteofrance.com\/actualites-et-dossiers\/comprendre-la-meteo\/quest-ce-quun-cyclone\" target=\"_blank\" rel=\"noopener\">l\u2019organisme m\u00e9t\u00e9o<\/a>.<\/p>\n<p class=\" wall-content\">L\u2019ouragan Erin est devenu une temp\u00eate post-tropicale, et aura un impact sur la <a href=\"https:\/\/actu.fr\/meteo\/\" target=\"_blank\" rel=\"noopener\">m\u00e9t\u00e9o<\/a> en France ces prochains jours, <a href=\"https:\/\/actu.fr\/meteo\/orages-violents-coup-de-vent-forte-houle-les-restes-de-l-ouragan-erin-vont-secouer-la-france-cette-semaine_63073027.html\" target=\"_blank\" rel=\"noopener\">comme nous l\u2019expliquons dans cet article<\/a>, avec la mise en place d\u2019un r\u00e9gime oc\u00e9anique plus perturb\u00e9 qui s\u2019accompagnera aussi de<strong> salves orageuses<\/strong> parfois violentes.\u00a0<\/p>\n<p class=\" wall-content\">Personnalisez votre actualit\u00e9 en ajoutant vos villes et m\u00e9dias en favori avec <a href=\"https:\/\/moncompte.actu.fr\" title=\"D\u00e9couvez Mon Actu\" rel=\"nofollow noopener\" data-trk=\"{&quot;cta&quot;:{&quot;action&quot;:&quot;https:\\\/\\\/moncompte.actu.fr&quot;,&quot;category&quot;:&quot;mon compte&quot;,&quot;from&quot;:&quot;article footer&quot;,&quot;name&quot;:&quot;Mon actu&quot;,&quot;type&quot;:&quot;cta&quot;}}\" target=\"_blank\">Mon Actu<\/a>.<\/p>\n","protected":false},"excerpt":{"rendered":"Par Briac Tr\u00e9bert Publi\u00e9 le 25 ao\u00fbt 2025 \u00e0 16h18 ; mis \u00e0 jour le 25 ao\u00fbt 2025&hellip;\n","protected":false},"author":2,"featured_media":343254,"comment_status":"","ping_status":"","sticky":false,"template":"","format":"standard","meta":{"footnotes":""},"categories":[2],"tags":[11,1011,27,2487,2357,12,46266,25],"class_list":{"0":"post-343253","1":"post","2":"type-post","3":"status-publish","4":"format-standard","5":"has-post-thumbnail","7":"category-actualites","8":"tag-actualites","9":"tag-fr","10":"tag-france","11":"tag-meteo","12":"tag-meteo-france","13":"tag-news","14":"tag-ouragan","15":"tag-republique-francaise"},"share_on_mastodon":{"url":"https:\/\/pubeurope.com\/@fr\/115090426672629486","error":""},"_links":{"self":[{"href":"https:\/\/www.europesays.com\/fr\/wp-json\/wp\/v2\/posts\/343253","targetHints":{"allow":["GET"]}}],"collection":[{"href":"https:\/\/www.europesays.com\/fr\/wp-json\/wp\/v2\/posts"}],"about":[{"href":"https:\/\/www.europesays.com\/fr\/wp-json\/wp\/v2\/types\/post"}],"author":[{"embeddable":true,"href":"https:\/\/www.europesays.com\/fr\/wp-json\/wp\/v2\/users\/2"}],"replies":[{"embeddable":true,"href":"https:\/\/www.europesays.com\/fr\/wp-json\/wp\/v2\/comments?post=343253"}],"version-history":[{"count":0,"href":"https:\/\/www.europesays.com\/fr\/wp-json\/wp\/v2\/posts\/343253\/revisions"}],"wp:featuredmedia":[{"embeddable":true,"href":"https:\/\/www.europesays.com\/fr\/wp-json\/wp\/v2\/media\/343254"}],"wp:attachment":[{"href":"https:\/\/www.europesays.com\/fr\/wp-json\/wp\/v2\/media?parent=343253"}],"wp:term":[{"taxonomy":"category","embeddable":true,"href":"https:\/\/www.europesays.com\/fr\/wp-json\/wp\/v2\/categories?post=343253"},{"taxonomy":"post_tag","embeddable":true,"href":"https:\/\/www.europesays.com\/fr\/wp-json\/wp\/v2\/tags?post=343253"}],"curies":[{"name":"wp","href":"https:\/\/api.w.org\/{rel}","templated":true}]}}