{"id":343258,"date":"2025-08-25T16:50:15","date_gmt":"2025-08-25T16:50:15","guid":{"rendered":"https:\/\/www.europesays.com\/fr\/343258\/"},"modified":"2025-08-25T16:50:15","modified_gmt":"2025-08-25T16:50:15","slug":"victor-dubuisson-le-coaching-cest-vraiment-une-passion","status":"publish","type":"post","link":"https:\/\/www.europesays.com\/fr\/343258\/","title":{"rendered":"Victor Dubuisson : \u00ab Le coaching, c&rsquo;est vraiment une passion \u00bb"},"content":{"rendered":"<p><strong>Comment s&rsquo;est mont\u00e9e cette acad\u00e9mie\u00a0?<\/strong><br \/>J&rsquo;ai d\u00e9marr\u00e9 les s\u00e9jours de golf \u00e0 Tenerife il y a deux ans, principalement l&rsquo;hiver, et l&rsquo;\u00e9t\u00e9 je tourne beaucoup dans les \u00eeles britanniques entre <strong>St Andrews<\/strong>, le <strong>K Club<\/strong>, <strong>Gleneagles<\/strong>, <strong>Adare Manor<\/strong>, etc. Petit \u00e0 petit, \u00e0 force d&rsquo;am\u00e9liorer les infrastructures, le practice, on a d\u00e9cid\u00e9 avec <strong>Brendan Breen<\/strong>, le directeur d&rsquo;<strong>Abama<\/strong> qui s&rsquo;est \u00e9norm\u00e9ment impliqu\u00e9, de faire une vraie acad\u00e9mie. Il y avait d\u00e9j\u00e0 une tr\u00e8s bonne base, \u00e0 partir de laquelle on a mont\u00e9 en gamme les infrastructures. On a refait les planches sur herbe avec des tontes diff\u00e9rentes, trois grands greens pour taper, deux putting greens, un practice immense. Donc c&rsquo;est bien car on peut s&rsquo;entra\u00eener en situation de jeu, avec des zones de la m\u00eame qualit\u00e9 que ce que l&rsquo;on retrouve sur le parcours. Le fait d&rsquo;avoir des Pro V1 au practice fait aussi la diff\u00e9rence. Au-del\u00e0 du coaching, les gens sont contents de venir dans un endroit d&rsquo;une telle qualit\u00e9, comme il en existe peu en Europe. \u00c0 Abama, il y a deux super h\u00f4tels sur le golf, avec des grandes suites, donc c&rsquo;est hyper pratique et convivial. Tout est sur place, l&rsquo;h\u00f4tel, le golf, la plage, le spa, les restaurants, donc les gens peuvent passer la semaine sans sortir du resort et se concentrer \u00e0 fond sur le golf car il n&rsquo;y a vraiment aucune contrainte.<\/p>\n<p><strong>Et donc, vous proposez des s\u00e9jours de golf \u00e0 qui veut\u00a0?<\/strong><br \/>Exactement\u00a0: n&rsquo;importe qui peut s&rsquo;inscrire pour des s\u00e9jours d&rsquo;une semaine, du samedi au samedi. Je ne fais que des petits groupes de deux ou trois personnes pour qu&rsquo;on joue tous les parcours ensemble, sans s\u00e9parer les parties. C&rsquo;est beaucoup mieux d&rsquo;un point de vue coaching car c&rsquo;est plus intimiste et convivial. Je ne fais pas de s\u00e9jour adultes pendant les vacances scolaires, je bloque les dates pour des enfants qui viennent avec leurs parents. C&rsquo;est vachement sympa car les jeunes sont ensemble et passent une super semaine !<\/p>\n<p><strong>Comment se d\u00e9roulent les journ\u00e9es lors de ces stages\u00a0?<\/strong><br \/>En g\u00e9n\u00e9ral, on joue le parcours le matin, et l&rsquo;apr\u00e8s-midi est consacr\u00e9e aux entra\u00eenements. Chacun fait \u00e0 son rythme, il n&rsquo;y a pas d&rsquo;heures fixes car les entra\u00eenements sont individualis\u00e9s\u00a0: je ne fais pas d&rsquo;ateliers de groupe. Je passe du temps avec une personne au grand jeu, avec une autre au petit jeu, avec une autre au putting, etc. Chacun est dans sa bulle, et c&rsquo;est \u00e7a que les gens aiment dans le coaching, plus que d&rsquo;\u00eatre nombreux dans des groupes o\u00f9 chacun fait la m\u00eame chose.<\/p>\n","protected":false},"excerpt":{"rendered":"Comment s&rsquo;est mont\u00e9e cette acad\u00e9mie\u00a0?J&rsquo;ai d\u00e9marr\u00e9 les s\u00e9jours de golf \u00e0 Tenerife il y a deux ans, principalement&hellip;\n","protected":false},"author":2,"featured_media":343259,"comment_status":"","ping_status":"","sticky":false,"template":"","format":"standard","meta":{"footnotes":""},"categories":[1418],"tags":[1011,27,1472,60],"class_list":{"0":"post-343258","1":"post","2":"type-post","3":"status-publish","4":"format-standard","5":"has-post-thumbnail","7":"category-golf","8":"tag-fr","9":"tag-france","10":"tag-golf","11":"tag-sports"},"share_on_mastodon":{"url":"https:\/\/pubeurope.com\/@fr\/115090438483297913","error":""},"_links":{"self":[{"href":"https:\/\/www.europesays.com\/fr\/wp-json\/wp\/v2\/posts\/343258","targetHints":{"allow":["GET"]}}],"collection":[{"href":"https:\/\/www.europesays.com\/fr\/wp-json\/wp\/v2\/posts"}],"about":[{"href":"https:\/\/www.europesays.com\/fr\/wp-json\/wp\/v2\/types\/post"}],"author":[{"embeddable":true,"href":"https:\/\/www.europesays.com\/fr\/wp-json\/wp\/v2\/users\/2"}],"replies":[{"embeddable":true,"href":"https:\/\/www.europesays.com\/fr\/wp-json\/wp\/v2\/comments?post=343258"}],"version-history":[{"count":0,"href":"https:\/\/www.europesays.com\/fr\/wp-json\/wp\/v2\/posts\/343258\/revisions"}],"wp:featuredmedia":[{"embeddable":true,"href":"https:\/\/www.europesays.com\/fr\/wp-json\/wp\/v2\/media\/343259"}],"wp:attachment":[{"href":"https:\/\/www.europesays.com\/fr\/wp-json\/wp\/v2\/media?parent=343258"}],"wp:term":[{"taxonomy":"category","embeddable":true,"href":"https:\/\/www.europesays.com\/fr\/wp-json\/wp\/v2\/categories?post=343258"},{"taxonomy":"post_tag","embeddable":true,"href":"https:\/\/www.europesays.com\/fr\/wp-json\/wp\/v2\/tags?post=343258"}],"curies":[{"name":"wp","href":"https:\/\/api.w.org\/{rel}","templated":true}]}}