{"id":343270,"date":"2025-08-25T16:57:10","date_gmt":"2025-08-25T16:57:10","guid":{"rendered":"https:\/\/www.europesays.com\/fr\/343270\/"},"modified":"2025-08-25T16:57:10","modified_gmt":"2025-08-25T16:57:10","slug":"la-resurrection-pour-david-gaudu-vainqueur-de-la-3e-etape-devant-pedersen-et-vingegaard","status":"publish","type":"post","link":"https:\/\/www.europesays.com\/fr\/343270\/","title":{"rendered":"La r\u00e9surrection pour David Gaudu, vainqueur de la 3e \u00e9tape devant Pedersen et Vingegaard"},"content":{"rendered":"<p>Pas besoin d\u2019\u00eatre \u00e0 Lourdes pour assister \u00e0 des miracles. Ce lundi, \u00e0 Ceres (Italie), terme de la troisi\u00e8me \u00e9tape de la Vuelta, le monde du cyclisme a assist\u00e9 \u00e0 <a href=\"https:\/\/www.20minutes.fr\/sport\/cyclisme\/tour-de-france\/4160486-20250626-tour-france-vu-niveau-actuel-david-gaudu-annonce-forfait-neuf-jours-depart\" target=\"_blank\" class=\"c-link c-link--is-underlined\" rel=\"nofollow noopener\">une r\u00e9surrection\u00a0: celle de David Gaudu<\/a>. D\u00e9j\u00e0 troisi\u00e8me la veille, le leadeur de la Groupama-FDJ a \u00e9t\u00e9 tr\u00e8s solide pour s\u2019imposer devant Mads Pedersen et <a href=\"https:\/\/www.20minutes.fr\/sport\/cyclisme\/vuelta\/4169414-20250825-vuelta-2025-bisma-lease-bike-fait-voler-18-velos-nuit-prejudice-estime-250-000-euros\" target=\"_blank\" class=\"c-link c-link--is-underlined\" rel=\"nofollow noopener\">Jonas Vingegaard<\/a>, qui conserve le maillot rouge de leadeur de ce Tour d\u2019Espagne.<\/p>\n<p class=\"mb-xxl@xs color-ultramarine font-weight-semi-bold@xs font-source-serif-pro heading-s@xs\">L\u2019acc\u00e8s \u00e0 ce contenu a \u00e9t\u00e9 bloqu\u00e9 afin de respecter votre choix de consentement<\/p>\n<p class=\"mb-m@xs text-l@xs\">En cliquant sur\u00ab J\u2019accepte \u00bb, vous acceptez le d\u00e9p\u00f4t de cookies par des services externes et aurez ainsi acc\u00e8s aux contenus de nos partenaires.<\/p>\n<p class=\"mb-xl@xs text-s@xs\">Plus d\u2019informations sur la page<a href=\"https:\/\/www.20minutes.fr\/gestion-cookies\" class=\"mx-xxs@xs color-ultramarine\" rel=\"nofollow noopener\" target=\"_blank\">Politique de gestion des cookies<\/a><\/p>\n<p>J\u2019accepte<\/p>\n<p>Cette victoire va permettre \u00e0 <a href=\"https:\/\/www.20minutes.fr\/sport\/david-gaudu\/\" target=\"_blank\" class=\"c-link c-link--is-underlined\" rel=\"nofollow noopener\">David Gaudu<\/a> de retrouver le sourire apr\u00e8s une saison tr\u00e8s compliqu\u00e9e. Depuis sa victoire d\u2019\u00e9tape sur le Tour d\u2019Oman d\u00e9but f\u00e9vrier, il est all\u00e9 de gal\u00e8re en gal\u00e8re. En quatre mois, il a chut\u00e9 quatre fois, d\u2019abord \u00e0 cause d\u2019un chat \u00e0 l\u2019entra\u00eenement, puis en course sur les routes italiennes des Strade Bianche, de Tirreno-Adriatico (fracture \u00e0 la main) et du <a href=\"https:\/\/www.20minutes.fr\/sport\/cyclisme\/giro\/4153941-20250516-giro-2025-trou-main-chute-grosse-douleur-david-gaudu-tour-italie\" target=\"_blank\" class=\"c-link c-link--is-underlined\" rel=\"nofollow noopener\">Giro en mai (profonde entaille \u00e0 la main encore)<\/a>.<\/p>\n<\/p>\n<p>Comme l\u2019ann\u00e9e derni\u00e8re et comme en\u00a02020, o\u00f9 il avait gagn\u00e9 deux \u00e9tapes sur la Vuelta apr\u00e8s avoir abandonn\u00e9 le <a href=\"https:\/\/www.20minutes.fr\/sport\/tour-de-france\/\" target=\"_blank\" class=\"c-link c-link--is-underlined\" rel=\"nofollow noopener\">Tour de France<\/a>, le Breton misait sur le Tour d\u2019Espagne (23\u00a0ao\u00fbt-14\u00a0septembre) pour sauver sa saison. \u00ab\u00a0La Vuelta m\u2019a sauv\u00e9 la saison en\u00a02020 et l\u2019an dernier. Je me dis jamais deux sans trois\u00a0\u00bb.<\/p>\n","protected":false},"excerpt":{"rendered":"Pas besoin d\u2019\u00eatre \u00e0 Lourdes pour assister \u00e0 des miracles. Ce lundi, \u00e0 Ceres (Italie), terme de la&hellip;\n","protected":false},"author":2,"featured_media":343271,"comment_status":"","ping_status":"","sticky":false,"template":"","format":"standard","meta":{"footnotes":""},"categories":[1411],"tags":[1154,207,34966,123,1011,27,452,27884,517,60,47885],"class_list":{"0":"post-343270","1":"post","2":"type-post","3":"status-publish","4":"format-standard","5":"has-post-thumbnail","7":"category-cyclisme","8":"tag-cycling","9":"tag-cyclisme","10":"tag-david-gaudu","11":"tag-espagne","12":"tag-fr","13":"tag-france","14":"tag-italie","15":"tag-jonas-vingegaard","16":"tag-sport","17":"tag-sports","18":"tag-vuelta"},"share_on_mastodon":{"url":"https:\/\/pubeurope.com\/@fr\/115090465957683319","error":""},"_links":{"self":[{"href":"https:\/\/www.europesays.com\/fr\/wp-json\/wp\/v2\/posts\/343270","targetHints":{"allow":["GET"]}}],"collection":[{"href":"https:\/\/www.europesays.com\/fr\/wp-json\/wp\/v2\/posts"}],"about":[{"href":"https:\/\/www.europesays.com\/fr\/wp-json\/wp\/v2\/types\/post"}],"author":[{"embeddable":true,"href":"https:\/\/www.europesays.com\/fr\/wp-json\/wp\/v2\/users\/2"}],"replies":[{"embeddable":true,"href":"https:\/\/www.europesays.com\/fr\/wp-json\/wp\/v2\/comments?post=343270"}],"version-history":[{"count":0,"href":"https:\/\/www.europesays.com\/fr\/wp-json\/wp\/v2\/posts\/343270\/revisions"}],"wp:featuredmedia":[{"embeddable":true,"href":"https:\/\/www.europesays.com\/fr\/wp-json\/wp\/v2\/media\/343271"}],"wp:attachment":[{"href":"https:\/\/www.europesays.com\/fr\/wp-json\/wp\/v2\/media?parent=343270"}],"wp:term":[{"taxonomy":"category","embeddable":true,"href":"https:\/\/www.europesays.com\/fr\/wp-json\/wp\/v2\/categories?post=343270"},{"taxonomy":"post_tag","embeddable":true,"href":"https:\/\/www.europesays.com\/fr\/wp-json\/wp\/v2\/tags?post=343270"}],"curies":[{"name":"wp","href":"https:\/\/api.w.org\/{rel}","templated":true}]}}