{"id":343272,"date":"2025-08-25T16:58:09","date_gmt":"2025-08-25T16:58:09","guid":{"rendered":"https:\/\/www.europesays.com\/fr\/343272\/"},"modified":"2025-08-25T16:58:09","modified_gmt":"2025-08-25T16:58:09","slug":"donnarumma-psg-la-presse-anglaise-lache-une-bombe-sur-son-mercato","status":"publish","type":"post","link":"https:\/\/www.europesays.com\/fr\/343272\/","title":{"rendered":"Donnarumma &#8211; PSG : La presse anglaise l\u00e2che une bombe sur son mercato !"},"content":{"rendered":"<p class=\"heading\">En fin de contrat le 30 juin 2026 avec le PSG, Gianluigi Donnarumma est pouss\u00e9 vers la sortie par sa direction. Annonc\u00e9 avec insistance du c\u00f4t\u00e9 de Manchester City, l&rsquo;international italien pourrait finalement rester \u00e0 Paris cet \u00e9t\u00e9. En effet, les Citizens de Pep Guardiola voudraient conserver \u00e0 la fois Ederson et James Trafford. <\/p>\n<p>Apr\u00e8s quatre saisons de bons et loyaux services au <strong>PSG<\/strong>, <a href=\"https:\/\/le10sport.com\/football\/mercato\/psg-donnarumma-coup-de-theatre-a-34meur-755479\" rel=\"nofollow noopener\" target=\"_blank\">Gianluigi Donnarumma<\/a> n&rsquo;a plus sa place dans l&rsquo;effectif de <strong>Luis<\/strong> <strong>Enrique<\/strong>. Ayant d\u00e9cid\u00e9 de miser sur <strong>Lucas<\/strong> <strong>Chevalier<\/strong>, qui a un bon jeu aux pieds, le coach espagnol ne veut plus de l&rsquo;Italien. Par cons\u00e9quent, les hautes sph\u00e8res du <strong>PSG<\/strong> ont d\u00e9cid\u00e9 de vendre leur num\u00e9ro 1 lors de ce mercato estival. Ce qui n&rsquo;a pas manqu\u00e9 d&rsquo;alerter <strong>Manchester<\/strong> <strong>City.<\/strong> <\/p>\n<p>                                            Manchester City veut garder Ederson et Trafford<\/p>\n<p>Conscient de la situation de <strong>Gianluigi<\/strong> <strong>Donnarumma<\/strong>, qui a fait ses adieux aux supporters du <strong>PSG<\/strong> sur les r\u00e9seaux sociaux et au <strong>Parc des Princes<\/strong>, <strong>Manchester<\/strong> <strong>City<\/strong> aurait lanc\u00e9 les grandes manoeuvres pour le recruter. Cependant, le gardien de 26 ans pourrait tout de m\u00eame ne pas bouger cet \u00e9t\u00e9. <\/p>\n<p>                                            Donnarumma pourrait rester au PSG<\/p>\n<p>Selon les informations de Sky Sports, <strong>Gianluigi<\/strong> <strong>Donnarumma<\/strong> serait parti pour rester au <strong>PSG<\/strong>. Malgr\u00e9 certaines rumeurs, le clan du joueur n&rsquo;aurait pas trouv\u00e9 d&rsquo;accord avec la direction de <strong>Manchester<\/strong> <strong>City<\/strong>. Et pour ne pas arranger les affaires du <strong>PSG<\/strong>, les Citizens souhaiterait conserver \u00e0 la fois <strong>Ederson<\/strong> et <strong>James<\/strong> <strong>Trafford<\/strong>. Ainsi, rien ne garantit que <strong>Gianluigi<\/strong> <strong>Donnarumma<\/strong> changera de club d&rsquo;ici la fin du march\u00e9, programm\u00e9e le 1er septembre \u00e0 20 heures. Affaire \u00e0 suivre&#8230;  <\/p>\n","protected":false},"excerpt":{"rendered":"En fin de contrat le 30 juin 2026 avec le PSG, Gianluigi Donnarumma est pouss\u00e9 vers la sortie&hellip;\n","protected":false},"author":2,"featured_media":343273,"comment_status":"","ping_status":"","sticky":false,"template":"","format":"standard","meta":{"footnotes":""},"categories":[1410],"tags":[63,1011,27,60],"class_list":{"0":"post-343272","1":"post","2":"type-post","3":"status-publish","4":"format-standard","5":"has-post-thumbnail","7":"category-football","8":"tag-football","9":"tag-fr","10":"tag-france","11":"tag-sports"},"share_on_mastodon":{"url":"https:\/\/pubeurope.com\/@fr\/115090469989918061","error":""},"_links":{"self":[{"href":"https:\/\/www.europesays.com\/fr\/wp-json\/wp\/v2\/posts\/343272","targetHints":{"allow":["GET"]}}],"collection":[{"href":"https:\/\/www.europesays.com\/fr\/wp-json\/wp\/v2\/posts"}],"about":[{"href":"https:\/\/www.europesays.com\/fr\/wp-json\/wp\/v2\/types\/post"}],"author":[{"embeddable":true,"href":"https:\/\/www.europesays.com\/fr\/wp-json\/wp\/v2\/users\/2"}],"replies":[{"embeddable":true,"href":"https:\/\/www.europesays.com\/fr\/wp-json\/wp\/v2\/comments?post=343272"}],"version-history":[{"count":0,"href":"https:\/\/www.europesays.com\/fr\/wp-json\/wp\/v2\/posts\/343272\/revisions"}],"wp:featuredmedia":[{"embeddable":true,"href":"https:\/\/www.europesays.com\/fr\/wp-json\/wp\/v2\/media\/343273"}],"wp:attachment":[{"href":"https:\/\/www.europesays.com\/fr\/wp-json\/wp\/v2\/media?parent=343272"}],"wp:term":[{"taxonomy":"category","embeddable":true,"href":"https:\/\/www.europesays.com\/fr\/wp-json\/wp\/v2\/categories?post=343272"},{"taxonomy":"post_tag","embeddable":true,"href":"https:\/\/www.europesays.com\/fr\/wp-json\/wp\/v2\/tags?post=343272"}],"curies":[{"name":"wp","href":"https:\/\/api.w.org\/{rel}","templated":true}]}}