{"id":343276,"date":"2025-08-25T17:00:20","date_gmt":"2025-08-25T17:00:20","guid":{"rendered":"https:\/\/www.europesays.com\/fr\/343276\/"},"modified":"2025-08-25T17:00:20","modified_gmt":"2025-08-25T17:00:20","slug":"sur-la-presquile-du-cap-ferret-une-jeune-architecte-imagine-la-surelevation-du-village-de-lherbe","status":"publish","type":"post","link":"https:\/\/www.europesays.com\/fr\/343276\/","title":{"rendered":"Sur la presqu\u2019\u00eele du cap Ferret, une jeune architecte imagine la sur\u00e9l\u00e9vation du village de l\u2019Herbe"},"content":{"rendered":"<p>C\u2019est peu dire que la jeune femme de 22\u00a0ans s\u2019est empar\u00e9e d\u2019un sujet d\u2019actualit\u00e9. <a href=\"https:\/\/www.sudouest.fr\/gironde\/lege-cap-ferret\/cap-ferret-le-recul-du-trait-de-cote-envisage-par-l-etat-d-ici-100-ans-effraie-les-proprietaires-25076712.php\" target=\"_blank\" rel=\"follow nofollow noopener\">La r\u00e9vision du plan de pr\u00e9vention des risques littoraux (PPRL)<\/a> de L\u00e8ge-Cap-Ferret agite cette ann\u00e9e \u00c9tat, \u00e9lus et propri\u00e9taires de la fa\u00e7ade intra-Bassin de la presqu\u2019\u00eele. Et Manon Drouillard vient de soutenir, \u00e0 l\u2019\u00c9cole nationale sup\u00e9rieure d\u2019architecture et du paysage (Ensap) de Bordeaux, un projet de fin d\u2019\u00e9tudes intitul\u00e9 \u00ab\u00a0Adapter les villages ostr\u00e9icoles de la presqu\u2019\u00eele du cap Ferret \u00e0 la mont\u00e9e des eaux\u00a0\u00bb, joliment salu\u00e9 par le jury (17\/20).<\/p>\n<p>        <img decoding=\"async\" id=\"25603838\" src=\"https:\/\/www.europesays.com\/fr\/wp-content\/uploads\/2025\/08\/lege-cap-ferret-village-de-lherbe-surelevation-imaginee-par-architecte-manon-drouillard-2.jpg\" alt=\"Manon Drouillard, ce 18\u00a0ao\u00fbt, \u00e0 Bordeaux.\" itemprop=\"contentURL\"\/><\/p>\n<p>    Manon Drouillard, ce 18\u00a0ao\u00fbt, \u00e0 Bordeaux.<\/p>\n<p>Y. D. \/ SO<\/p>\n<p>Et de pr\u00e9senter de mani\u00e8re document\u00e9e, mod\u00e9lis\u00e9e et chiffr\u00e9e la sur\u00e9l\u00e9vation des 160\u00a0cabanes du village de l\u2019Herbe, le plus connu, habit\u00e9 et visit\u00e9 de la prestigieuse langue de sable. \u00ab\u00a0Je me questionne depuis toujours sur le devenir des constructions au bord de l\u2019eau, se souvient celle qui n\u2019est plus \u00e9tudiante depuis ce 28\u00a0juin. De Royan, o\u00f9 ma famille a une petite maison, au Bassin, o\u00f9 nous allons souvent nous promener.\u00a0\u00bb<\/p>\n<p>        <img decoding=\"async\" id=\"25603851\" src=\"https:\/\/www.europesays.com\/fr\/wp-content\/uploads\/2025\/08\/lege-cap-ferret-village-de-lherbe-17-aout-2025.jpg\" alt=\"Le village de l\u2019Herbe compte 460 cabanes professionnelles et d\u2019habitation.\" itemprop=\"contentURL\"\/><\/p>\n<p>    Le village de l\u2019Herbe compte 460 cabanes professionnelles et d\u2019habitation.<\/p>\n<p>Y. D. \/ SO<\/p>\n<p>    \u00c9rosion c\u00f4ti\u00e8re et adaptation<\/p>\n<p>\u00c0 l\u2019Ensap, Manon Drouillard entreprend d\u2019abord un m\u00e9moire de recherches titr\u00e9 \u00ab\u00a0\u00c9rosion c\u00f4ti\u00e8re, repli strat\u00e9gique des biens et des personnes\u00a0\u00bb, avec Biscarrosse\u00a0(40) et Lacanau\u00a0(33) comme sites \u2013\u00a0pertinents\u00a0\u2013 d\u2019\u00e9tude. \u00ab\u00a0Constat, adaptation et exemples \u00e0 l\u2019\u00e9tranger\u00a0\u00bb composent ce document riche d\u2019entretiens avec les acteurs de terrain, soutenu en janvier dernier. Lors des six mois pr\u00e9c\u00e9dents, l\u2019\u00e9tudiante part, via Erasmus, \u00e0 l\u2019\u00e9cole d\u2019architecture d\u2019Hano\u00ef, au Vietnam, s\u2019int\u00e9resse \u00e0 la r\u00e9silience humaine et constructive des habitants du delta du M\u00e9kong, va aussi en Tha\u00eflande et au Japon. \u00ab\u00a0Avec l\u2019\u00e9cole de Bordeaux, le voyage aux Pays-Bas a aussi \u00e9t\u00e9 tr\u00e8s instructif.\u00a0\u00bb<\/p>\n<p>        <img decoding=\"async\" id=\"25603854\" src=\"https:\/\/www.europesays.com\/fr\/wp-content\/uploads\/2025\/08\/lege-cap-ferret-village-de-lherbe-surelevation-imaginee-par-architecte-manon-drouillard-exemple-etat.jpeg\" alt=\"Aux \u00c9tats-Unis et en Australie, la technique de sur\u00e9l\u00e9vation des maisons par v\u00e9rins hydrauliques est assez r\u00e9pandue.\" itemprop=\"contentURL\"\/><\/p>\n<p>    Aux \u00c9tats-Unis et en Australie, la technique de sur\u00e9l\u00e9vation des maisons par v\u00e9rins hydrauliques est assez r\u00e9pandue.<\/p>\n<p>Grit and polish<\/p>\n<p>Pour le plus concret projet de fin d\u2019\u00e9tudes, la voil\u00e0 \u00e0 l\u2019Herbe \u00ab\u00a0parce que c\u2019est le village le plus embl\u00e9matique, \u00e0 l\u2019agencement le plus dense\u00a0\u00bb. Comment y sauvegarder les cabanes (professionnelles ou d\u2019habitation) et pr\u00e9server la mixit\u00e9 de vies des \u2013\u00a0d\u00e9j\u00e0 r\u00e9guli\u00e8res\u00a0\u2013 mont\u00e9es des eaux dans les ruelles et les constructions\u00a0? La sur\u00e9l\u00e9vation appara\u00eet comme une \u00e9vidence. D\u00e9couvrant que les cabanes de la Presqu\u2019\u00eele ont \u00e9t\u00e9 un temps mont\u00e9es sur pilotis (au d\u00e9but du XXe\u00a0si\u00e8cle), Manon Drouillard, l\u00e0 aussi, cherche et trouve \u00e0 l\u2019\u00e9tranger une technique simple et ing\u00e9nieuse, employ\u00e9e depuis plusieurs ann\u00e9es.<\/p>\n<p>V\u00e9rins hydrauliques<\/p>\n<p>C\u2019est le blog d\u2019une famille de Washington, qui sur\u00e9l\u00e8ve sa maison pour refaire les fondations\u2026 et qui finalement la garde sur\u00e9lev\u00e9e. C\u2019est la d\u00e9couverte d\u2019entreprises sp\u00e9cialis\u00e9es, aux \u00c9tats-Unis mais aussi en Australie, dans un process d\u00e9clinable sur le sable de la Presqu\u2019\u00eele. \u00ab\u00a0Creuser une rigole autour de la maison et d\u00e9solidariser la dalle de b\u00e9ton, glisser des poutres d\u2019acier agenc\u00e9es entre elles, poser des v\u00e9rins hydrauliques, lever la cabane, poser des cales puis des pilotis en azob\u00e9, un bois r\u00e9sistant \u00e0 l\u2019eau sal\u00e9e choisi par les architectes de <a href=\"https:\/\/www.sudouest.fr\/gironde\/arcachon\/bassin-d-arcachon-enfin-reconstruite-la-cabane-tchanquee-n03-retrouvera-bientot-ses-volets-rouges-neufs-19848919.php\" target=\"_blank\" rel=\"follow nofollow noopener\">la r\u00e9novation de la cabane tchanqu\u00e9e n\u00b0\u00a03<\/a>\u00a0\u00bb, explique l\u2019architecte, qui, au regard des risques littoraux et de submersion av\u00e9r\u00e9s, a pr\u00e9vu une sur\u00e9l\u00e9vation d\u20191,30\u00a0m\u00e8tre.<\/p>\n<p>        <img decoding=\"async\" id=\"25603873\" src=\"https:\/\/www.europesays.com\/fr\/wp-content\/uploads\/2025\/08\/lege-cap-ferret-village-de-lherbe-surelevation-imaginee-par-architecte-manon-drouillard-3.jpg\" alt=\"L\u2019exemple d\u2019une cabane de professionnel sur\u00e9lev\u00e9e.\" itemprop=\"contentURL\"\/><\/p>\n<p>    L\u2019exemple d\u2019une cabane de professionnel sur\u00e9lev\u00e9e.<\/p>\n<p>Photo-montage Manon Drouillard<\/p>\n<p>Sont mod\u00e9lis\u00e9es \u00e9galement des coursives, tout aussi bois\u00e9es, le long des cabanes, avec des escaliers ou pans inclin\u00e9s d\u00e8s que possible. Peut-on raisonnablement envisager cette technique pour sur\u00e9lever l\u2019enti\u00e8ret\u00e9 du village de l\u2019Herbe\u00a0? \u00ab\u00a0La densit\u00e9 n\u2019est pas un souci car cette technique ne n\u00e9cessite pas de gros engins, assure Manon Drouillard. Il faut n\u00e9anmoins une dynamique collective. C\u2019est financi\u00e8rement abordable\u00a0: de 1 000 \u00e0 1 700\u00a0euros\/m\u00b2, quand une d\u00e9molition-reconstruction tourne autour de\u00a02 800.\u00a0\u00bb Quel v\u00e9hicule juridique peut emmener un tel chantier\u00a0? La question est aussi l\u00e0, m\u00eame si ce n\u2019est pas l\u2019objet de l\u2019\u00e9tude.<\/p>\n<p>        <img decoding=\"async\" id=\"25607510\" src=\"https:\/\/www.europesays.com\/fr\/wp-content\/uploads\/2025\/08\/lege-cap-ferret-village-de-lherbe-surelevation-imaginee-par-architecte-manon-drouillard-maquette-au-.jpeg\" alt=\"La maquette du projet au sein de l\u2019exposition \u00ab\u00a040\/40\u00a0\u00bb, au 308 de Bordeaux.\" itemprop=\"contentURL\"\/><\/p>\n<p>    La maquette du projet au sein de l\u2019exposition \u00ab\u00a040\/40\u00a0\u00bb, au 308 de Bordeaux.<\/p>\n<p>Manon Drouillard<\/p>\n<p>    \u00ab\u00a0R\u00e9aliste\u00a0\u00bb<\/p>\n<p>\u00ab\u00a0Je trouve ce projet assez r\u00e9aliste\u00a0\u00bb, commente Patrick Ducasse, habitant de l\u2019Herbe qui a accompagn\u00e9 l\u2019\u00e9tudiante ce printemps en tant que r\u00e9f\u00e9rent du village au sein de l\u2019Association syndicale des propri\u00e9taires de cabanes de la c\u00f4te ouest du bassin d\u2019Arcachon (Asynpro). \u00ab\u00a0Mais ce type de techniques et d\u2019entreprises n\u2019existe pas en France aujourd\u2019hui. En aura-t-on les moyens\u00a0? L\u2019administration sera-t-elle assez souple pour envisager cela\u00a0?\u00a0\u00bb Et de rappeler que les B\u00e2timents de France, r\u00e9cemment, autorisaient le rel\u00e8vement du seuil des cabanes mais pas celui du toit, ce qui exigeait de facto d\u2019\u00eatre de tr\u00e8s petite taille\u2026<\/p>\n<p>        <img decoding=\"async\" id=\"25493535\" src=\"https:\/\/www.europesays.com\/fr\/wp-content\/uploads\/2025\/08\/lege-cap-ferret-village-de-lherbe-juillet-2025.jpg\" alt=\"Les innombrables selfies \u00e0 l\u2019Herbe se feraient alors \u00e0 1,30 m de hauteur.\" itemprop=\"contentURL\"\/><\/p>\n<p>    Les innombrables selfies \u00e0 l\u2019Herbe se feraient alors \u00e0 1,30 m de hauteur.<\/p>\n<p>Y. D. \/ SO<\/p>\n<p>\u00ab\u00a0Tr\u00e8s int\u00e9ressant et novateur\u00a0\u00bb, estime Jean Mazodier, pr\u00e9sident de l\u2019association Protection et Am\u00e9nagement de L\u00e8ge-Cap-Ferret, qui a expos\u00e9 ses travaux en ao\u00fbt. Maire et d\u00e9put\u00e9e s\u2019appr\u00eatent \u00e0 recevoir l\u2019architecte \u00e0 la rentr\u00e9e.<\/p>\n<p>Le travail de Manon Drouillard est visible au <a href=\"https:\/\/www.308ma.archi\/\" target=\"_blank\" rel=\"nofollow noopener\">308-Maison de l\u2019architecture<\/a> (308, avenue Thiers) \u00e0 Bordeaux, dans le cadre de l\u2019exposition \u00ab\u00a040\/40\u00a0\u00bb, \u00e0 partir du 25\u00a0ao\u00fbt (9\u00a0h-16\u00a0h\u00a030).<\/p>\n","protected":false},"excerpt":{"rendered":"C\u2019est peu dire que la jeune femme de 22\u00a0ans s\u2019est empar\u00e9e d\u2019un sujet d\u2019actualit\u00e9. La r\u00e9vision du plan&hellip;\n","protected":false},"author":2,"featured_media":343277,"comment_status":"","ping_status":"","sticky":false,"template":"","format":"standard","meta":{"footnotes":""},"categories":[1358],"tags":[1348,1384,1385,1386,58,59,1011,27],"class_list":{"0":"post-343276","1":"post","2":"type-post","3":"status-publish","4":"format-standard","5":"has-post-thumbnail","7":"category-arts-et-design","8":"tag-arts","9":"tag-arts-and-design","10":"tag-arts-et-design","11":"tag-design","12":"tag-divertissement","13":"tag-entertainment","14":"tag-fr","15":"tag-france"},"share_on_mastodon":{"url":"https:\/\/pubeurope.com\/@fr\/115090477987406122","error":""},"_links":{"self":[{"href":"https:\/\/www.europesays.com\/fr\/wp-json\/wp\/v2\/posts\/343276","targetHints":{"allow":["GET"]}}],"collection":[{"href":"https:\/\/www.europesays.com\/fr\/wp-json\/wp\/v2\/posts"}],"about":[{"href":"https:\/\/www.europesays.com\/fr\/wp-json\/wp\/v2\/types\/post"}],"author":[{"embeddable":true,"href":"https:\/\/www.europesays.com\/fr\/wp-json\/wp\/v2\/users\/2"}],"replies":[{"embeddable":true,"href":"https:\/\/www.europesays.com\/fr\/wp-json\/wp\/v2\/comments?post=343276"}],"version-history":[{"count":0,"href":"https:\/\/www.europesays.com\/fr\/wp-json\/wp\/v2\/posts\/343276\/revisions"}],"wp:featuredmedia":[{"embeddable":true,"href":"https:\/\/www.europesays.com\/fr\/wp-json\/wp\/v2\/media\/343277"}],"wp:attachment":[{"href":"https:\/\/www.europesays.com\/fr\/wp-json\/wp\/v2\/media?parent=343276"}],"wp:term":[{"taxonomy":"category","embeddable":true,"href":"https:\/\/www.europesays.com\/fr\/wp-json\/wp\/v2\/categories?post=343276"},{"taxonomy":"post_tag","embeddable":true,"href":"https:\/\/www.europesays.com\/fr\/wp-json\/wp\/v2\/tags?post=343276"}],"curies":[{"name":"wp","href":"https:\/\/api.w.org\/{rel}","templated":true}]}}