{"id":343278,"date":"2025-08-25T17:01:10","date_gmt":"2025-08-25T17:01:10","guid":{"rendered":"https:\/\/www.europesays.com\/fr\/343278\/"},"modified":"2025-08-25T17:01:10","modified_gmt":"2025-08-25T17:01:10","slug":"salon-du-livre-juridique-conseil-constitutionnel-paris-75001","status":"publish","type":"post","link":"https:\/\/www.europesays.com\/fr\/343278\/","title":{"rendered":"Salon du livre juridique &#8211; Conseil constitutionnel &#8211; Paris, 75001"},"content":{"rendered":"<p>Le samedi 27 septembre 2025, le Conseil constitutionnel ouvrira ses portes pour accueillir la nouvelle \u00e9dition du Salon du Livre Juridique, organis\u00e9 en partenariat avec Le Club des juristes.<\/p>\n<p>Un rendez-vous unique pour les passionn\u00e9s de droit<\/p>\n<p>Plus de 200 auteurs seront pr\u00e9sents pour \u00e9changer avec le public et d\u00e9dicacer leurs ouvrages. L\u2019occasion de d\u00e9couvrir la richesse de l\u2019\u00e9dition juridique contemporaine et de rencontrer les grandes maisons d\u2019\u00e9dition du secteur.<\/p>\n<p>Temps forts de la journ\u00e9e<\/p>\n<p>Remise des Prix du livre juridique et du Prix du livre de la pratique juridique 2025S\u00e9ances de d\u00e9dicaces avec de nombreux auteursJeu-concours \u00e9tudiants\u00a0: 12 packs de livres \u00e0 gagner, du L1 au doctorat<\/p>\n<p>25 \u00e9diteurs pr\u00e9sents<\/p>\n<p>Conseil de l&rsquo;Europe\u00a0\u2013 LexisNexis France\u00a0\u2013 IRJS (Sorbonne)\u00a0\u2013 Lefebvre Dalloz\u00a0\u2013 Soci\u00e9t\u00e9 de l\u00e9gislation compar\u00e9e\u00a0\u2013 Lextenso\u00a0\u2013 Concurrences\u00a0\u2013 \u00c9ditions du Seuil\u00a0\u2013 Revue Pouvoirs\u00a0\u2013 Groupe Revue Fiduciaire\u00a0\u2013 \u00c9ditions Boleine\u00a0\u2013 Panth\u00e9on-Assas universit\u00e9\u00a0\u2013 Les Surligneurs\u00a0\u2013 Le Moniteur\u00a0\u2013 L&rsquo;Argus de l&rsquo;assurance\u00a0\u2013 La Documentation fran\u00e7aise\u00a0\u2013 Larcier-Intersentia\u00a0\u2013 \u00c9ditions A. Pedone\u00a0\u2013 \u00c9ditions Points\u00a0\u2013 PUF\u00a0\u2013 Mare et Martin\u00a0\u2013 Pamplemousse Magazine\u00a0\u2013 AMU \u00c9ditions\u00a0\u2013 Odile Jacob\u00a0\u2013 La M\u00e9moire du droit.<\/p>\n<p>Lieu\u00a0: Conseil constitutionnel, 2 rue de Montpensier\u00a0\u2013 75001 Paris<br \/>Acc\u00e8s\u00a0: M\u00e9tro Palais Royal\u00a0\u2013 Mus\u00e9e du Louvre (lignes 1 et 7)<\/p>\n<p>Entr\u00e9e libre et gratuite &#8211; de 10h \u00e0 18h<\/p>\n<p>Renseignements\u00a0: sdlj@leclubdesjuristes.com<\/p>\n","protected":false},"excerpt":{"rendered":"Le samedi 27 septembre 2025, le Conseil constitutionnel ouvrira ses portes pour accueillir la nouvelle \u00e9dition du Salon&hellip;\n","protected":false},"author":2,"featured_media":343279,"comment_status":"","ping_status":"","sticky":false,"template":"","format":"standard","meta":{"footnotes":""},"categories":[1357],"tags":[1379,58,59,1011,27,1380],"class_list":{"0":"post-343278","1":"post","2":"type-post","3":"status-publish","4":"format-standard","5":"has-post-thumbnail","7":"category-livres","8":"tag-books","9":"tag-divertissement","10":"tag-entertainment","11":"tag-fr","12":"tag-france","13":"tag-livres"},"share_on_mastodon":{"url":"https:\/\/pubeurope.com\/@fr\/115090482675662133","error":""},"_links":{"self":[{"href":"https:\/\/www.europesays.com\/fr\/wp-json\/wp\/v2\/posts\/343278","targetHints":{"allow":["GET"]}}],"collection":[{"href":"https:\/\/www.europesays.com\/fr\/wp-json\/wp\/v2\/posts"}],"about":[{"href":"https:\/\/www.europesays.com\/fr\/wp-json\/wp\/v2\/types\/post"}],"author":[{"embeddable":true,"href":"https:\/\/www.europesays.com\/fr\/wp-json\/wp\/v2\/users\/2"}],"replies":[{"embeddable":true,"href":"https:\/\/www.europesays.com\/fr\/wp-json\/wp\/v2\/comments?post=343278"}],"version-history":[{"count":0,"href":"https:\/\/www.europesays.com\/fr\/wp-json\/wp\/v2\/posts\/343278\/revisions"}],"wp:featuredmedia":[{"embeddable":true,"href":"https:\/\/www.europesays.com\/fr\/wp-json\/wp\/v2\/media\/343279"}],"wp:attachment":[{"href":"https:\/\/www.europesays.com\/fr\/wp-json\/wp\/v2\/media?parent=343278"}],"wp:term":[{"taxonomy":"category","embeddable":true,"href":"https:\/\/www.europesays.com\/fr\/wp-json\/wp\/v2\/categories?post=343278"},{"taxonomy":"post_tag","embeddable":true,"href":"https:\/\/www.europesays.com\/fr\/wp-json\/wp\/v2\/tags?post=343278"}],"curies":[{"name":"wp","href":"https:\/\/api.w.org\/{rel}","templated":true}]}}