{"id":343280,"date":"2025-08-25T17:02:12","date_gmt":"2025-08-25T17:02:12","guid":{"rendered":"https:\/\/www.europesays.com\/fr\/343280\/"},"modified":"2025-08-25T17:02:12","modified_gmt":"2025-08-25T17:02:12","slug":"de-tf1-a-france-inter-tout-ce-quil-faut-savoir-sur-la-grande-rentree-des-matinales","status":"publish","type":"post","link":"https:\/\/www.europesays.com\/fr\/343280\/","title":{"rendered":"De TF1 \u00e0 France Inter, tout ce qu\u2019il faut savoir sur la grande rentr\u00e9e des matinales"},"content":{"rendered":"<p>Vous \u00eates \u00ab\u00a0matinales\u00a0\u00bb\u00a0? \u00c7a tombe bien, car la <a href=\"https:\/\/www.20minutes.fr\/dossier\/rentree\" class=\"c-link c-link--is-underlined\" target=\"_blank\" rel=\"noopener\">rentr\u00e9e<\/a> s\u2019annonce riche en nouveaut\u00e9s (horaires, animateurs ou animatrices, chroniqueurs ou chroniqueuses\u2026) au sein des matinales, que ce soit \u00e0 la <a href=\"https:\/\/www.20minutes.fr\/arts-stars\/television\/\" class=\"c-link c-link--is-underlined\" target=\"_blank\" rel=\"noopener\">t\u00e9l\u00e9vision<\/a> ou \u00e0 la <a href=\"https:\/\/www.20minutes.fr\/dossier\/radio\" class=\"c-link c-link--is-underlined\" target=\"_blank\" rel=\"noopener\">radio<\/a>. Si vous venez de rentrer de <a href=\"https:\/\/www.20minutes.fr\/dossier\/vacances_d_ete\" class=\"c-link c-link--is-underlined\" target=\"_blank\" rel=\"noopener\">vacances<\/a> ou si vous souhaitez vous mettre \u00e0 la page, 20 Minutes fait le tour des principales matinales version 2025-2026.<\/p>\n<p>\u00ab\u00a0Bonjour\u00a0! La Matinale TF1&Prime;\u00a0: place aux \u00ab\u00a04 fantastiques\u00a0\u00bb<\/p>\n<p>Ce lundi, <a href=\"https:\/\/www.20minutes.fr\/dossier\/bruce_toussaint\" class=\"c-link c-link--is-underlined\" target=\"_blank\" rel=\"noopener\">Bruce Toussaint<\/a> a lanc\u00e9 la nouvelle monture de \u00ab\u00a0Bonjour\u00a0! La Matinale <a href=\"https:\/\/www.20minutes.fr\/dossier\/tf1\" class=\"c-link c-link--is-underlined\" target=\"_blank\" rel=\"noopener\">TF1<\/a>\u00a0\u00bb. Prolong\u00e9e jusqu\u2019\u00e0 10 heures (soit trente minutes de plus), la matinale de la Une, ax\u00e9e sur l\u2019information et la bonne humeur, va s\u2019appuyer sur de nouvelles t\u00eates. \u00ab\u00a0Une rentr\u00e9e de feu avec les 4 Fantastiques\u00a0\u00bb, avait m\u00eame lanc\u00e9 l\u2019animateur la semaine derni\u00e8re.<\/p>\n<p>Ainsi, Anicet Mbida parle de nouvelles technologies, \u00e0 6h55 et 8h50. Sandrine Arcizet aide les t\u00e9l\u00e9spectateurs \u00e0 se remettre en forme, tous les jours, \u00e0 9h50. <a href=\"https:\/\/www.20minutes.fr\/arts-stars\/television\/4143114-20250312-ninja-warrior-tf1-anais-grangerac-animatrice-remplace-iris-mittenaere\" target=\"_blank\" class=\"c-link c-link--is-underlined\" rel=\"noopener\">Ana\u00efs Grangerac<\/a> relaie les infos positives, \u00e0 7h50, puis pr\u00e9sente les tendances soci\u00e9tales, \u00e0 9h15. Enfin, Nicolas Doze, expert \u00e9conomie, partage son humeur dans un billet quotidien \u00e0 8h20.<\/p>\n<p>\u00ab\u00a0T\u00e9l\u00e9matin\u00a0\u00bb sur France 2\u00a0: On reprend (presque) les m\u00eames\u2026<\/p>\n<p>Pour continuer \u00e0 tenir la drag\u00e9e haute \u00e0 TF1, <a href=\"https:\/\/www.20minutes.fr\/television\/france_2\/\" class=\"c-link c-link--is-underlined\" target=\"_blank\" rel=\"noopener\">France 2<\/a> a d\u00e9cid\u00e9 d\u2019allonger son \u00ab\u00a0T\u00e9l\u00e9matin\u00a0\u00bb de vingt minutes. L\u2019\u00e9mission phare de la cha\u00eene sera propos\u00e9e, d\u00e8s le lundi 1er\u00a0septembre, d\u00e8s 6h30. A 9h50, elle c\u00e9dera sa place \u00e0 \u00ab\u00a0Bel et bien ensemble\u00a0\u00bb, la<a href=\"https:\/\/www.20minutes.fr\/arts-stars\/television\/4160752-20250627-maison-maternelles-agathe-lecaron-larmes-adieux-chanson\" target=\"_blank\" class=\"c-link c-link--is-underlined\" rel=\"noopener\"> <\/a>nouvelle \u00e9mission anim\u00e9e par<a href=\"https:\/\/www.20minutes.fr\/arts-stars\/television\/4160752-20250627-maison-maternelles-agathe-lecaron-larmes-adieux-chanson\" target=\"_blank\" class=\"c-link c-link--is-underlined\" rel=\"noopener\"> Agathe Lecaron<\/a> (ex- \u00ab\u00a0Les Maternelles\u00a0\u00bb).<\/p>\n<p>France 2 misera, cette saison, sur <a href=\"https:\/\/www.20minutes.fr\/arts-stars\/television\/4074942-20240207-maya-lauque-nouveau-visage-surprise-20-heures-france-2\" target=\"_blank\" class=\"c-link c-link--is-underlined\" rel=\"noopener\">Maya Lauqu\u00e9<\/a> et Damien Th\u00e9venot, un duo habitu\u00e9 du plateau de \u00ab\u00a0T\u00e9l\u00e9matin\u00a0\u00bb. Depuis quatre ans, ils pr\u00e9sentent ensemble le programme le vendredi et le week-end. Le bin\u00f4me remplacera Flavie Flament et Julien Arnaud (parti sur BFMTV). A noter enfin que les vendredis, samedis et dimanches, M\u00e9lanie Taravant et Samuel Ollivier pr\u00e9senteront la matinale de la Deux.<\/p>\n<p>\u00ab\u00a0Premi\u00e8re \u00e9dition\u00a0\u00bb sur BFMTV\u00a0: face aux Fran\u00e7ais<\/p>\n<p>A l\u2019instar de \u00ab\u00a0T\u00e9l\u00e9matin\u00a0\u00bb, \u00ab\u00a0Premi\u00e8re \u00e9dition\u00a0\u00bb, la matinale de <a href=\"https:\/\/www.20minutes.fr\/dossier\/bfm_tv\" class=\"c-link c-link--is-underlined\" target=\"_blank\" rel=\"noopener\">BFMTV<\/a>, tente le pari de la nouveaut\u00e9 \u00e0 l\u2019animation. Exit Christophe Delay (qui passe sur la tranche de la mi-journ\u00e9e) et Adeline Fran\u00e7ois (partie sur Public-S\u00e9nat), place \u00e0 Perrine Storme, qui a notamment anim\u00e9 la tranche 22\u00a0heures-minuit la saison pass\u00e9e et Dominique Tenza, qui pr\u00e9sentait le <a href=\"https:\/\/www.20minutes.fr\/dossier\/jt\" class=\"c-link c-link--is-underlined\" target=\"_blank\" rel=\"noopener\">JT<\/a> du <a href=\"https:\/\/www.20minutes.fr\/dossier\/week-end\" class=\"c-link c-link--is-underlined\" target=\"_blank\" rel=\"noopener\">week-end<\/a> sur <a href=\"https:\/\/www.20minutes.fr\/dossier\/m6\" class=\"c-link c-link--is-underlined\" target=\"_blank\" rel=\"noopener\">M6<\/a>.<\/p>\n<p>Pour cette nouvelle saison, la cha\u00eene d\u2019info en continu a d\u00e9cid\u00e9 de changer de d\u00e9cor et d\u2019aligner ses journalistes et ses chroniqueurs face aux cam\u00e9ras, en rang d\u2019oignon, mettant ainsi au placard le syst\u00e8me de la table ronde. Une petite r\u00e9volution.<\/p>\n<p>France Inter\u00a0: le changement, c\u2019est maintenant<\/p>\n<p>Le mercato estival a \u00e9t\u00e9 intense pour rejoindre l\u2019\u00e9quipe de la matinale de France Inter, qui s\u2019\u00e9tend d\u00e9sormais du lundi au jeudi, de 7 heures \u00e0 11 heures. <a href=\"https:\/\/www.20minutes.fr\/dossier\/nicolas_demorand\" class=\"c-link c-link--is-underlined\" target=\"_blank\" rel=\"noopener\">Nicolas Demorand<\/a> reste \u00e0 la pr\u00e9sentation de \u00ab\u00a0La Grande Matinale\u00a0\u00bb et sera rejoint en seconde partie de matinale par Sonia Devillers, qui remplace <a href=\"https:\/\/www.20minutes.fr\/dossier\/lea_salame\" class=\"c-link c-link--is-underlined\" target=\"_blank\" rel=\"noopener\">L\u00e9a Salam\u00e9<\/a>, partie pour le <a href=\"https:\/\/www.20minutes.fr\/arts-stars\/television\/4159754-20250621-election-presidentielle-2027-lea-salame-mettra-retrait-20-heures-si-raphael-glucksmann-presente\" target=\"_blank\" class=\"c-link c-link--is-underlined\" rel=\"noopener\">20-Heures de France 2<\/a>. La premi\u00e8re matinale radio de France voit arriver, cette saison, Benjamin Duhamel. L\u2019ex-journaliste vedette de BFMTV a assur\u00e9 sa premi\u00e8re interview de 8h20, ce lundi, avec la romanci\u00e8re belge <a href=\"https:\/\/www.20minutes.fr\/arts-stars\/livres\/4169416-20250825-amelie-nothomb-devoile-plat-tres-particulier-mere-servi-silvio-berlusconi\" class=\"c-link c-link--is-underlined\" target=\"_blank\" rel=\"noopener\">Am\u00e9lie Nothomb<\/a>. Le billet d\u2019humour a \u00e9t\u00e9 assur\u00e9 par Bertrand Chameroy, alors que la revue de presse est pr\u00e9sent\u00e9e par Nora Hamadi.<\/p>\n<p>A noter que cette nouvelle matinale, lanc\u00e9e ce lundi, ne s\u2019est pas pass\u00e9e comme pr\u00e9vu. Une <a href=\"https:\/\/www.20minutes.fr\/arts-stars\/medias\/4169375-20250825-radio-france-rentree-groupe-public-perturbee-appel-greve-illimitee\" target=\"_blank\" class=\"c-link c-link--is-underlined\" rel=\"noopener\">gr\u00e8ve des syndicats<\/a> de <a href=\"https:\/\/www.20minutes.fr\/medias\/radio-france\/\" class=\"c-link c-link--is-underlined\" target=\"_blank\" rel=\"noopener\">Radio France<\/a> a contraint la premi\u00e8re matinale de la rentr\u00e9e de France Inter \u00e0 commencer \u00e0 7h42 (au lieu de 7 heures), mais aussi \u00e0 se passer de journal de 8 heures.<\/p>\n<p>France Info en plein renouveau, RTL mise sur Sotto<\/p>\n<p>Dans les autres matinales, <a href=\"https:\/\/www.20minutes.fr\/dossier\/france_info\" class=\"c-link c-link--is-underlined\" target=\"_blank\" rel=\"noopener\">France Info<\/a> a d\u00e9cid\u00e9 de s\u2019appuyer sur Paul Larrouturou pour l\u2019interview politique de 8h30, en remplacement de Salhia Brakhlia. L\u2019ex-journaliste de TF1 est accompagn\u00e9 d\u2019Agathe Lambret (aussi \u00e0 la copr\u00e9sentation des \u00ab\u00a0Inform\u00e9s du matin\u00a0\u00bb, de 9 heures \u00e0 9h30, avec Renaud D\u00e9ly), et de J\u00e9r\u00f4me Chapuis pour cette rentr\u00e9e. Du vendredi au dimanche, le \u00ab\u00a08.30 France Info\u00a0\u00bb sera assur\u00e9 en alternance par Camille Vigogne Le Coat (Nouvel Obs) et Mathilde Siraud (<a href=\"https:\/\/www.20minutes.fr\/dossier\/le_point\" class=\"c-link c-link--is-underlined\" target=\"_blank\" rel=\"noopener\">Le Point<\/a>), aux c\u00f4t\u00e9s d\u2019Hadrien Bect.<\/p>\n<\/p>\n<p>Chez RTL enfin, la matinale, qui a repris ses droits ce lundi, a \u00e9t\u00e9 r\u00e9duite de trente minutes (de 7 heures \u00e0 12h30), avec le seul <a href=\"https:\/\/www.20minutes.fr\/dossier\/thomas_sotto\" class=\"c-link c-link--is-underlined\" target=\"_blank\" rel=\"noopener\">Thomas Sotto<\/a> aux manettes. C\u00e9line Landreau (ex-RTL Midi), a assur\u00e9 le journal de 8 heures. <a href=\"https:\/\/www.20minutes.fr\/dossier\/marc-olivier-fogiel\" class=\"c-link c-link--is-underlined\" target=\"_blank\" rel=\"noopener\">Marc-Olivier Fogiel<\/a> (ex-BFMTV), qui a commenc\u00e9 sa carri\u00e8re sur <a href=\"https:\/\/www.20minutes.fr\/medias\/rtl\/\" class=\"c-link c-link--is-underlined\" target=\"_blank\" rel=\"noopener\">RTL<\/a> en\u00a01985, signe son retour et a conduit l\u2019interview \u00e0 8h15. \u00ab\u00a0MOF\u00a0\u00bb sera \u00e9galement la voix de la station pour couvrir les grands \u00e9v\u00e9nements.<\/p>\n","protected":false},"excerpt":{"rendered":"Vous \u00eates \u00ab\u00a0matinales\u00a0\u00bb\u00a0? \u00c7a tombe bien, car la rentr\u00e9e s\u2019annonce riche en nouveaut\u00e9s (horaires, animateurs ou animatrices, chroniqueurs&hellip;\n","protected":false},"author":2,"featured_media":343281,"comment_status":"","ping_status":"","sticky":false,"template":"","format":"standard","meta":{"footnotes":""},"categories":[1356],"tags":[11343,10831,6779,251,58,59,1011,27,10318,9102,594,1739,3806,494,45887,500,3776,1825,10316,28313,2700,252,199,28426,1364],"class_list":{"0":"post-343280","1":"post","2":"type-post","3":"status-publish","4":"format-standard","5":"has-post-thumbnail","7":"category-television","8":"tag-bertrand-chameroy","9":"tag-bfmtv","10":"tag-bruce-toussaint","11":"tag-culture","12":"tag-divertissement","13":"tag-entertainment","14":"tag-fr","15":"tag-france","16":"tag-france-info","17":"tag-france-inter","18":"tag-france-2","19":"tag-le-point","20":"tag-lea-salame","21":"tag-m6","22":"tag-marc-olivier-fogiel","23":"tag-medias","24":"tag-nicolas-demorand","25":"tag-radio","26":"tag-radio-france","27":"tag-rentree","28":"tag-rtl","29":"tag-television","30":"tag-tf1","31":"tag-thomas-sotto","32":"tag-tv"},"share_on_mastodon":{"url":"https:\/\/pubeurope.com\/@fr\/115090486040530607","error":""},"_links":{"self":[{"href":"https:\/\/www.europesays.com\/fr\/wp-json\/wp\/v2\/posts\/343280","targetHints":{"allow":["GET"]}}],"collection":[{"href":"https:\/\/www.europesays.com\/fr\/wp-json\/wp\/v2\/posts"}],"about":[{"href":"https:\/\/www.europesays.com\/fr\/wp-json\/wp\/v2\/types\/post"}],"author":[{"embeddable":true,"href":"https:\/\/www.europesays.com\/fr\/wp-json\/wp\/v2\/users\/2"}],"replies":[{"embeddable":true,"href":"https:\/\/www.europesays.com\/fr\/wp-json\/wp\/v2\/comments?post=343280"}],"version-history":[{"count":0,"href":"https:\/\/www.europesays.com\/fr\/wp-json\/wp\/v2\/posts\/343280\/revisions"}],"wp:featuredmedia":[{"embeddable":true,"href":"https:\/\/www.europesays.com\/fr\/wp-json\/wp\/v2\/media\/343281"}],"wp:attachment":[{"href":"https:\/\/www.europesays.com\/fr\/wp-json\/wp\/v2\/media?parent=343280"}],"wp:term":[{"taxonomy":"category","embeddable":true,"href":"https:\/\/www.europesays.com\/fr\/wp-json\/wp\/v2\/categories?post=343280"},{"taxonomy":"post_tag","embeddable":true,"href":"https:\/\/www.europesays.com\/fr\/wp-json\/wp\/v2\/tags?post=343280"}],"curies":[{"name":"wp","href":"https:\/\/api.w.org\/{rel}","templated":true}]}}