{"id":343282,"date":"2025-08-25T17:03:20","date_gmt":"2025-08-25T17:03:20","guid":{"rendered":"https:\/\/www.europesays.com\/fr\/343282\/"},"modified":"2025-08-25T17:03:20","modified_gmt":"2025-08-25T17:03:20","slug":"30-ans-plus-tard-coroner-surprend-ses-fans-avec-un-nouvel-album-studio","status":"publish","type":"post","link":"https:\/\/www.europesays.com\/fr\/343282\/","title":{"rendered":"30 ans plus tard, Coroner surprend ses fans avec un nouvel album studio"},"content":{"rendered":"<p><strong>Les pionniers suisses du <a href=\"https:\/\/www.metalzone.fr\/thrash-metal\/\" rel=\"nofollow noopener\" target=\"_blank\">thrash metal<\/a> Coroner annoncent la sortie de leur premier album en plus de trente ans, accompagn\u00e9 d\u2019un single in\u00e9dit intitul\u00e9 Renewal.<\/strong><\/p>\n<p>Coroner revient avec un nouvel album apr\u00e8s trois d\u00e9cennies d\u2019absence<\/p>\n<p>Le groupe originaire de Zurich signe son grand retour discographique avec Dissonance Theory, attendu pour le 17 octobre 2025 via Century Media Records. Il s\u2019agit de leur premier enregistrement studio depuis plus de trois d\u00e9cennies. Pour marquer cette nouvelle \u00e9tape, Coroner d\u00e9voile d\u00e8s \u00e0 pr\u00e9sent le single Renewal, accompagn\u00e9 d\u2019un clip r\u00e9alis\u00e9 par Dariusz Szermanowicz.<\/p>\n<p>Dans un communiqu\u00e9, le guitariste Tommy Vetterli revient sur cette d\u00e9marche cr\u00e9ative : \u201cJe me suis demand\u00e9 ce que Coroner devait \u00eatre aujourd\u2019hui, mais regarder en arri\u00e8re n\u2019aurait servi \u00e0 rien. M\u00eame si la musique reste li\u00e9e \u00e0 mon identit\u00e9, nous avons simplement voulu cr\u00e9er quelque chose d\u2019honn\u00eate, ancr\u00e9 dans le pr\u00e9sent. Renewal ouvre ce nouveau chapitre et je suis pour la premi\u00e8re fois enti\u00e8rement satisfait d\u2019un album, du d\u00e9but \u00e0 la fin.\u201d<\/p>\n<p>Un album fa\u00e7onn\u00e9 entre la Suisse et la Su\u00e8de<\/p>\n<p>Compos\u00e9 de dix titres pour une dur\u00e9e totale de 47 minutes, Dissonance Theory a \u00e9t\u00e9 enregistr\u00e9 par Vetterli aux New Sound Studios en Suisse, avant d\u2019\u00eatre mix\u00e9 et masteris\u00e9 par Jens Bogren (<a href=\"https:\/\/www.metalzone.fr\/opeth\/\" rel=\"nofollow noopener\" target=\"_blank\">Opeth<\/a>, <a href=\"https:\/\/www.metalzone.fr\/kreator\/\" rel=\"nofollow noopener\" target=\"_blank\">Kreator<\/a>, <a href=\"https:\/\/www.metalzone.fr\/amon-amarth\/\" rel=\"nofollow noopener\" target=\"_blank\">Amon Amarth<\/a>) au Fascination Street Studios en Su\u00e8de. La pochette, con\u00e7ue par l\u2019artiste Stefan Thanneur, accompagne une sortie d\u00e9clin\u00e9e en plusieurs formats : un mediabook 2CD limit\u00e9 incluant la d\u00e9mo culte Death Cult de 1986 avec Tom G. Warrior en invit\u00e9, ainsi que des \u00e9ditions en CD, vinyle et version num\u00e9rique.<\/p><\/p>\n","protected":false},"excerpt":{"rendered":"Les pionniers suisses du thrash metal Coroner annoncent la sortie de leur premier album en plus de trente&hellip;\n","protected":false},"author":2,"featured_media":343283,"comment_status":"","ping_status":"","sticky":false,"template":"","format":"standard","meta":{"footnotes":""},"categories":[1355],"tags":[58,59,1011,27,1361,873],"class_list":{"0":"post-343282","1":"post","2":"type-post","3":"status-publish","4":"format-standard","5":"has-post-thumbnail","7":"category-musique","8":"tag-divertissement","9":"tag-entertainment","10":"tag-fr","11":"tag-france","12":"tag-music","13":"tag-musique"},"share_on_mastodon":{"url":"https:\/\/pubeurope.com\/@fr\/115090489632014349","error":""},"_links":{"self":[{"href":"https:\/\/www.europesays.com\/fr\/wp-json\/wp\/v2\/posts\/343282","targetHints":{"allow":["GET"]}}],"collection":[{"href":"https:\/\/www.europesays.com\/fr\/wp-json\/wp\/v2\/posts"}],"about":[{"href":"https:\/\/www.europesays.com\/fr\/wp-json\/wp\/v2\/types\/post"}],"author":[{"embeddable":true,"href":"https:\/\/www.europesays.com\/fr\/wp-json\/wp\/v2\/users\/2"}],"replies":[{"embeddable":true,"href":"https:\/\/www.europesays.com\/fr\/wp-json\/wp\/v2\/comments?post=343282"}],"version-history":[{"count":0,"href":"https:\/\/www.europesays.com\/fr\/wp-json\/wp\/v2\/posts\/343282\/revisions"}],"wp:featuredmedia":[{"embeddable":true,"href":"https:\/\/www.europesays.com\/fr\/wp-json\/wp\/v2\/media\/343283"}],"wp:attachment":[{"href":"https:\/\/www.europesays.com\/fr\/wp-json\/wp\/v2\/media?parent=343282"}],"wp:term":[{"taxonomy":"category","embeddable":true,"href":"https:\/\/www.europesays.com\/fr\/wp-json\/wp\/v2\/categories?post=343282"},{"taxonomy":"post_tag","embeddable":true,"href":"https:\/\/www.europesays.com\/fr\/wp-json\/wp\/v2\/tags?post=343282"}],"curies":[{"name":"wp","href":"https:\/\/api.w.org\/{rel}","templated":true}]}}