{"id":343284,"date":"2025-08-25T17:04:10","date_gmt":"2025-08-25T17:04:10","guid":{"rendered":"https:\/\/www.europesays.com\/fr\/343284\/"},"modified":"2025-08-25T17:04:10","modified_gmt":"2025-08-25T17:04:10","slug":"hbo-max-va-enfin-proposer-le-seigneur-des-anneaux-et-en-version-longue","status":"publish","type":"post","link":"https:\/\/www.europesays.com\/fr\/343284\/","title":{"rendered":"HBO Max va enfin proposer Le Seigneur des anneaux&#8230; et en version longue"},"content":{"rendered":"<p>La rentr\u00e9e s\u2019annonce plut\u00f4t bienheureuse pour les abonn\u00e9s HBO Max. Au mois de septembre, la plateforme am\u00e9ricaine se trouve enfin une raison d\u2019\u00eatre aupr\u00e8s des adorateurs de Tolkien, de Peter Jackson et de tout ce qui a trait \u00e0 la Terre du Milieu. Aussi \u00e9tonnant que cela puisse para\u00eetre, cette franchise embl\u00e9matique du catalogue Warner Bros n\u2019est \u00e0 l\u2019heure actuelle pas propos\u00e9e via sa plateforme. Depuis quelques mois, la premi\u00e8re trilogie du <a href=\"https:\/\/www.journaldugeek.com\/2024\/09\/03\/ian-mckellen-evoque-son-retour-dans-le-prochain-seigneur-des-anneaux\/\" target=\"_blank\" rel=\"noopener\">Seigneur des anneaux<\/a> n\u2019est disponible qu\u2019\u00e0 la location via les plateformes d\u00e9di\u00e9es ou en format DVD et BluRay.<\/p>\n<p>Cette situation pour le moins singuli\u00e8re au sein du catalogue de la plateforme d\u00e9tenue par Warner Bros va n\u00e9anmoins prendre fin. Dans son programme du mois de septembre, HBO Max officialise la mise \u00e0 disposition des trois films\u2026 dans leur version longue. D\u00e8s le <strong>22 septembre prochain<\/strong>, les abonn\u00e9s HBO Max pourront voir ou revoir La Communaut\u00e9 de l\u2019anneau, Les Deux tours ou Le Retour du Roi sans avoir \u00e0 se passer de quelques sc\u00e8nes embl\u00e9matiques.<\/p>\n<p>Le premier film affiche <strong>203 minutes au compteur contre 178 minutes pour la version cin\u00e9ma.<\/strong> Un \u00e9cart plus important est au programme des Deux Tours avec 179 minutes pour la version projet\u00e9e en salles contre <strong>223 pour la version longue.<\/strong> Enfin, Le Retour du Roi dure <strong>251 minutes<\/strong> dans sa version longue contre 200 minutes dans sa forme traditionnelle.<\/p>\n<p> Des sc\u00e8nes cruciales\u00a0? <\/p>\n<p>Le premier avantage \u00e0 la d\u00e9couverte de ces versions longues r\u00e9sident dans la pr\u00e9sence de sc\u00e8ne qui offre une nouvelle perspective sur le conflit qui se joue en Terre du Milieu et sur l\u2019histoire des personnages qui la peuple. C\u2019est particuli\u00e8rement vrai pour <strong>Faramir<\/strong>, qui a droit \u00e0 une sc\u00e8ne flashback dans laquelle sont pass\u00e9 et<strong> sa relation avec Boromir est approfondie.\u00a0<\/strong><\/p>\n<p>On peut aussi noter qu\u2019il est possible de voir<strong> la mort de Saroumane<\/strong>, volet que la trilogie avait finalement pass\u00e9 sous silence pour pr\u00e9server le rythme. Et enfin, on ne peut que vous recommander de revoir Le Retour du Roi en version longue pour voi<strong>r la confrontation entre Aragorn, Gandalf et un disciple de Sauron avant la grande bataille finale.<\/strong> La sc\u00e8ne rend le cri de ralliement d\u2019Aragorn \u201cPour Frodon\u201d encore plus vibrant et explique aussi pourquoi l\u2019\u00e9p\u00e9e du personnage est myst\u00e9rieusement ensanglant\u00e9e avant la charge.<\/p>\n<p> Une sortie \u00e0 point nomm\u00e9\u00a0? <\/p>\n<p>Si Warner Bros n\u2019a pas exploit\u00e9 Le Seigneur des Anneaux depuis Le Hobbit\u00a0: La Bataille des cinq arm\u00e9es en 2014, l\u2019imaginaire de Tolkien reste majeur dans la strat\u00e9gie du studio. David Zaslav l\u2019a rappel\u00e9 \u00e0 plusieurs reprises et promis que des productions verraient le jour prochainement.<\/p>\n<p>Ce sera vrai pour <a href=\"https:\/\/www.journaldugeek.com\/2025\/08\/18\/the-hunt-for-gollum-le-retour-de-deux-acteurs-legendaires-confirme\/\" rel=\"false noopener\" target=\"_blank\">The Hunt for Gollum<\/a> qui est promis \u00e0 une sortie en 2027. Alors que le projet doit entrer en tournage prochainement, Warner Bros a tout int\u00e9r\u00eat \u00e0 rappeler l\u2019univers et les personnages au bon souvenir de ses adeptes autant que d\u2019offrir aux jeunes spectateurs une occasion de s\u2019y pencher de plus pr\u00e8s.<\/p>\n<\/p>\n<p>    <a href=\"https:\/\/www.youtube.com\/user\/JournalduGeek?sub_confirmation=1\" target=\"_blank\" rel=\"nofollow noopener\"><br \/>\n        S&rsquo;abonner \u00e0 Journal du Geek<br \/>\n    <\/a> <\/p>\n<blockquote>\n<p class=\"text-base text-neutral-700 dark:text-neutral-300\">\ud83d\udfe3 Pour ne manquer aucune news sur le Journal du Geek, abonnez-vous sur <a href=\"https:\/\/news.google.com\/publications\/CAAqBwgKMNr_hAswwYyCAw?hl=fr&amp;gl=FR&amp;ceid=FR%3Afr\" target=\"_blank\" rel=\"noopener\">Google Actualit\u00e9s<\/a> et sur <a href=\"https:\/\/whatsapp.com\/channel\/0029VaClM5y4tRry12tb7D2h\" target=\"_blank\" rel=\"noopener\">notre WhatsApp<\/a>. Et si vous nous adorez, on a <a href=\"https:\/\/www.journaldugeek.com\/newsletter\/\" target=\"_blank\" rel=\"noopener\">une newsletter tous les matins<\/a>.<\/p>\n<\/blockquote>\n","protected":false},"excerpt":{"rendered":"La rentr\u00e9e s\u2019annonce plut\u00f4t bienheureuse pour les abonn\u00e9s HBO Max. Au mois de septembre, la plateforme am\u00e9ricaine se&hellip;\n","protected":false},"author":2,"featured_media":343285,"comment_status":"","ping_status":"","sticky":false,"template":"","format":"standard","meta":{"footnotes":""},"categories":[1354],"tags":[58,59,1346,1011,27,5371,7318,1360,5523],"class_list":{"0":"post-343284","1":"post","2":"type-post","3":"status-publish","4":"format-standard","5":"has-post-thumbnail","7":"category-films","8":"tag-divertissement","9":"tag-entertainment","10":"tag-films","11":"tag-fr","12":"tag-france","13":"tag-hbo-max","14":"tag-le-seigneur-des-anneaux","15":"tag-movies","16":"tag-warner-bros"},"share_on_mastodon":{"url":"https:\/\/pubeurope.com\/@fr\/115090493556273541","error":""},"_links":{"self":[{"href":"https:\/\/www.europesays.com\/fr\/wp-json\/wp\/v2\/posts\/343284","targetHints":{"allow":["GET"]}}],"collection":[{"href":"https:\/\/www.europesays.com\/fr\/wp-json\/wp\/v2\/posts"}],"about":[{"href":"https:\/\/www.europesays.com\/fr\/wp-json\/wp\/v2\/types\/post"}],"author":[{"embeddable":true,"href":"https:\/\/www.europesays.com\/fr\/wp-json\/wp\/v2\/users\/2"}],"replies":[{"embeddable":true,"href":"https:\/\/www.europesays.com\/fr\/wp-json\/wp\/v2\/comments?post=343284"}],"version-history":[{"count":0,"href":"https:\/\/www.europesays.com\/fr\/wp-json\/wp\/v2\/posts\/343284\/revisions"}],"wp:featuredmedia":[{"embeddable":true,"href":"https:\/\/www.europesays.com\/fr\/wp-json\/wp\/v2\/media\/343285"}],"wp:attachment":[{"href":"https:\/\/www.europesays.com\/fr\/wp-json\/wp\/v2\/media?parent=343284"}],"wp:term":[{"taxonomy":"category","embeddable":true,"href":"https:\/\/www.europesays.com\/fr\/wp-json\/wp\/v2\/categories?post=343284"},{"taxonomy":"post_tag","embeddable":true,"href":"https:\/\/www.europesays.com\/fr\/wp-json\/wp\/v2\/tags?post=343284"}],"curies":[{"name":"wp","href":"https:\/\/api.w.org\/{rel}","templated":true}]}}