{"id":343288,"date":"2025-08-25T17:06:11","date_gmt":"2025-08-25T17:06:11","guid":{"rendered":"https:\/\/www.europesays.com\/fr\/343288\/"},"modified":"2025-08-25T17:06:11","modified_gmt":"2025-08-25T17:06:11","slug":"david-gaudu-triomphe-sur-la-troisieme-etape-devant-pedersen-et-vingegaard","status":"publish","type":"post","link":"https:\/\/www.europesays.com\/fr\/343288\/","title":{"rendered":"David Gaudu triomphe sur la troisi\u00e8me \u00e9tape devant Pedersen et Vingegaard"},"content":{"rendered":"<p>Le leader de la Groupama-FDJ s\u2019est montr\u00e9 le plus fort, ce lundi, \u00e0 l\u2019arriv\u00e9e de la 3e \u00e9tape de la Vuelta. Un magnifique succ\u00e8s devant tous les favoris.<\/p>\n<p class=\"fig-paragraph\">Cocorico\u00a0!\u00a0<a href=\"http:\/\/www.lefigaro.fr\/sports\/cyclisme\/tour-d-espagne-gaudu-et-martin-guyonnet-en-leaders-de-la-groupama-fdj-20250818\" target=\"_blank\" data-fig-type=\"NewsFlash\" rel=\"noopener nofollow\" data-gtm-custom-categorie=\"navigation\" data-gtm-custom-action=\"crossclick\" data-gtm-custom-label=\"Contextuel\" data-gtm-event=\"customEventSPE\" data-fig-domain=\"LEFIGARO\">David Gaudu<\/a>\u00a0a remport\u00e9 lundi la troisi\u00e8me du Tour d\u2019Espagne, 134 km de moyenne montagne entre San Maurizio Canavese et Ceres en Italie o\u00f9 le Danois\u00a0<a href=\"http:\/\/www.lefigaro.fr\/sports\/cyclisme\/cyclisme-la-formation-de-jonas-vingegaard-se-fait-voler-18-velos-sur-le-tour-d-espagne-20250825\" target=\"_blank\" data-fig-type=\"NewsFlash\" rel=\"noopener nofollow\" data-gtm-custom-categorie=\"navigation\" data-gtm-custom-action=\"crossclick\" data-gtm-custom-label=\"Contextuel\" data-gtm-event=\"customEventSPE\" data-fig-domain=\"LEFIGARO\">Jonas Vingegaard<\/a>\u00a0a conserv\u00e9 le maillot rouge de leader. Le Fran\u00e7ais s\u2019est impos\u00e9 au sommet d\u2019un final pour puncheurs devant le Danois Mads Pedersen, favori de l\u2019\u00e9tape, et Vingegaard, vainqueur la veille.<\/p>\n<p class=\"fig-paragraph\">Apr\u00e8s un d\u00e9but de saison chaotique, marqu\u00e9 par une anonyme 66e place au Giro, et un forfait pour le Tour de France, le leader de la formation Groupama-FDJ a sign\u00e9 \u00e0 28 ans le 13e succ\u00e8s de sa carri\u00e8re, le deuxi\u00e8me en 2025 apr\u00e8s une victoire cet hiver au Tour d\u2019Oman.<\/p>\n<p>                                    <a class=\"fig-a11y-skip a11y-hidden\" href=\"#fig-a11y-skip-main-inarticle\"><br \/>\n        Passer la publicit\u00e9<br \/>\n    <\/a><\/p>\n<p class=\"fig-paragraph\">Une \u00e9chapp\u00e9e de quatre hommes (Sean Quinn, Alessandro Verre, Luca Van Bon, Patrick Gamper) partis d\u00e8s les premiers kilom\u00e8tres, n\u2019a pas r\u00e9sist\u00e9 au retour du peloton d\u00e8s la mi-course, sous l\u2019impulsion de l\u2019\u00e9quipe Lidl-Trek qui a travaill\u00e9 toute la journ\u00e9e pour son leader Pedersen.<\/p>\n<p>Escale en France ce mardi<\/p>\n<p class=\"fig-paragraph\">Dans une arriv\u00e9e en c\u00f4te, ce dernier a abord\u00e9 en t\u00eate les 100 derniers m\u00e8tres marqu\u00e9s par un virage en \u00e9pingle que Gaudu \u00e0 toutefois mieux n\u00e9goci\u00e9. \u00abLa saison est tellement difficile. Je n\u2019ai pas gagn\u00e9 en World Tour depuis le Crit\u00e9rium du Dauphin\u00e9 (en 2022) o\u00f9 j\u2019avais battu Van Aert. Aujourd\u2019hui, je bats Mads (Pedersen) sur un sprint&#8230; Whaou\u00a0! Il y a beaucoup d\u2019\u00e9motions\u00a0!\u00bb, a r\u00e9agi le Breton au micro d\u2019Eurosport.<\/p>\n<p class=\"fig-paragraph\">Au classement g\u00e9n\u00e9ral, Gaudu recolle au leader Vingegaard mais le Danois conserve le maillot rouge \u00e0 la faveur d\u2019une meilleure place obtenue lors de la premi\u00e8re \u00e9tape (41e contre 48e pour le Fran\u00e7ais).<\/p>\n<p class=\"fig-paragraph\">Mardi, la Vuelta fait escale en France avec une arriv\u00e9e \u00e0 Voiron dans l\u2019Is\u00e8re, apr\u00e8s plus de 200 kilom\u00e8tres de course comprenant les ascensions du col du Montgen\u00e8vre et du Lautaret, deux difficult\u00e9s de deuxi\u00e8me cat\u00e9gorie situ\u00e9es dans le premier tiers de parcours avant un final quasiment plat.<\/p>\n","protected":false},"excerpt":{"rendered":"Le leader de la Groupama-FDJ s\u2019est montr\u00e9 le plus fort, ce lundi, \u00e0 l\u2019arriv\u00e9e de la 3e \u00e9tape&hellip;\n","protected":false},"author":2,"featured_media":343289,"comment_status":"","ping_status":"","sticky":false,"template":"","format":"standard","meta":{"footnotes":""},"categories":[9],"tags":[34966,1011,27,60],"class_list":{"0":"post-343288","1":"post","2":"type-post","3":"status-publish","4":"format-standard","5":"has-post-thumbnail","7":"category-sports","8":"tag-david-gaudu","9":"tag-fr","10":"tag-france","11":"tag-sports"},"share_on_mastodon":{"url":"https:\/\/pubeurope.com\/@fr\/115090501537272737","error":""},"_links":{"self":[{"href":"https:\/\/www.europesays.com\/fr\/wp-json\/wp\/v2\/posts\/343288","targetHints":{"allow":["GET"]}}],"collection":[{"href":"https:\/\/www.europesays.com\/fr\/wp-json\/wp\/v2\/posts"}],"about":[{"href":"https:\/\/www.europesays.com\/fr\/wp-json\/wp\/v2\/types\/post"}],"author":[{"embeddable":true,"href":"https:\/\/www.europesays.com\/fr\/wp-json\/wp\/v2\/users\/2"}],"replies":[{"embeddable":true,"href":"https:\/\/www.europesays.com\/fr\/wp-json\/wp\/v2\/comments?post=343288"}],"version-history":[{"count":0,"href":"https:\/\/www.europesays.com\/fr\/wp-json\/wp\/v2\/posts\/343288\/revisions"}],"wp:featuredmedia":[{"embeddable":true,"href":"https:\/\/www.europesays.com\/fr\/wp-json\/wp\/v2\/media\/343289"}],"wp:attachment":[{"href":"https:\/\/www.europesays.com\/fr\/wp-json\/wp\/v2\/media?parent=343288"}],"wp:term":[{"taxonomy":"category","embeddable":true,"href":"https:\/\/www.europesays.com\/fr\/wp-json\/wp\/v2\/categories?post=343288"},{"taxonomy":"post_tag","embeddable":true,"href":"https:\/\/www.europesays.com\/fr\/wp-json\/wp\/v2\/tags?post=343288"}],"curies":[{"name":"wp","href":"https:\/\/api.w.org\/{rel}","templated":true}]}}