{"id":343292,"date":"2025-08-25T17:08:16","date_gmt":"2025-08-25T17:08:16","guid":{"rendered":"https:\/\/www.europesays.com\/fr\/343292\/"},"modified":"2025-08-25T17:08:16","modified_gmt":"2025-08-25T17:08:16","slug":"voici-la-reponse-de-la-marque","status":"publish","type":"post","link":"https:\/\/www.europesays.com\/fr\/343292\/","title":{"rendered":"voici la r\u00e9ponse de la marque"},"content":{"rendered":"<p>Accus\u00e9e par le g\u00e9ant am\u00e9ricain d\u2019avoir vol\u00e9 des secrets li\u00e9s \u00e0 l\u2019Apple Watch gr\u00e2ce \u00e0 un ancien employ\u00e9, la marque chinoise se d\u00e9fend. <\/p>\n<p><a target=\"_blank\" href=\"https:\/\/images.frandroid.com\/wp-content\/uploads\/2022\/05\/marque-apple-logo-scaled.jpg\" class=\"article-content__figure\" rel=\"nofollow noopener\"><img fetchpriority=\"high\" decoding=\"async\" loading=\"eager\" width=\"1200\" height=\"800\" src=\"https:\/\/www.europesays.com\/fr\/wp-content\/uploads\/2025\/08\/marque-apple-logo-scaled.jpg\" alt=\"\" class=\"wp-image-1324153 wp-image wp-image\"  \/><\/a>Source : Zhiyue sur Unsplash<\/p>\n<p>Apple a r\u00e9cemment port\u00e9 plainte contre un ancien employ\u00e9. Ce dernier, alors qu\u2019il \u00e9tait encore salari\u00e9 chez Apple, aurait profit\u00e9 de sa situation d\u2019architecte de syst\u00e8mes de capteurs pour r\u00e9cup\u00e9rer des documents li\u00e9s \u00e0 l\u2019<a href=\"https:\/\/www.frandroid.com\/guide-dachat\/1674555_apple-watch-les-meilleures-montres-connectees-dapple-en-2023\" rel=\"nofollow noopener\" target=\"_blank\">Apple Watch<\/a> avant de filer chez OPPO, rapporte <a target=\"_blank\" href=\"https:\/\/www.androidauthority.com\/apple-oppo-trade-secret-theft-lawsuit-3590576\/\" rel=\"nofollow noopener\">Android Authority<\/a>.<\/p>\n<p>                <img decoding=\"async\" width=\"1200\" height=\"580\" loading=\"lazy\" alt=\"Source : Robin Wycke \u2013 Frandroid\" title=\"Source : Robin Wycke \u2013 Frandroid\" class=\"is-radiusless placeholder-default wp-image\" src=\"https:\/\/www.europesays.com\/fr\/wp-content\/uploads\/2025\/08\/test-insta360-x5-36-scaled-e1755508781933-1200x580.jpg\" \/>            <\/p>\n<p>\n                    La cam\u00e9ra la plus fun baisse de prix                <\/p>\n<p class=\"has-text-weight-medium is-size-6 is-line-height-normal\">\n                    Pens\u00e9e pour les sportifs que pour les esprits cr\u00e9atifs, l\u2019Insta360 X5 est la cam\u00e9ra 360\u00b0 de r\u00e9f\u00e9rence en 2025. Son prix chute de 169 euros sur AliExpress gr\u00e2ce au code BSFR100.                <\/p>\n<p>Un calendrier suspect <\/p>\n<p>Pour Apple, l\u2019agenda de son ancien employ\u00e9 est plus que suspect. L\u2019entreprise estime qu\u2019il aurait faussement pr\u00e9text\u00e9 retourner en Chine pour s\u2019occuper de ses parents alors qu\u2019il pr\u00e9parait son int\u00e9gration au sein d\u2019OPPO. Dissimulant son int\u00e9gration future, l\u2019employ\u00e9 aurait assist\u00e9 \u00e0 \u00ab des dizaines de r\u00e9unions individuelles avec les membres de l\u2019\u00e9quipe technique d\u2019Apple Watch pour en savoir plus sur leurs recherches en cours \u00bb, indique la plainte d\u2019Apple. <\/p>\n<p>Trois jours avant de quitter le g\u00e9ant am\u00e9ricain, l\u2019employ\u00e9 aurait \u00e9galement \u00ab\u00a0t\u00e9l\u00e9charg\u00e9 63 documents depuis un dossier s\u00e9curis\u00e9 \u00bb avant de les transf\u00e9rer sur une cl\u00e9 USB la veille de son d\u00e9part. Il aurait aussi convers\u00e9 avec le vice-pr\u00e9sident de la sant\u00e9 d\u2019OPPO, lui indiquant qu\u2019il \u00ab collectait autant d\u2019informations que possible \u00bb. Ce \u00e0 quoi le VP d\u2019OPPO aurait r\u00e9pondu \u00ab OK \u00bb.<\/p>\n<p>Une r\u00e9ponse classique<\/p>\n<p>Face \u00e0 ces accusations, la marque chinoise, <a href=\"https:\/\/www.frandroid.com\/marques\/oppo\/1663357_oppo-quitte-la-france-on-a-compris-quils-se-barrent-des-vendeurs-temoignent\" rel=\"nofollow noopener\" target=\"_blank\">bien connue en France<\/a>, prend la parole. Par le biais d\u2019un mail, elle indique avoir \u00e9t\u00e9 mise au courant des actions en justice intent\u00e9e par Apple. Elle r\u00e9fute  ces all\u00e9gations, indiquant n\u2019avoir \u00ab trouv\u00e9 aucune preuve \u00e9tablissant un lien \u00bb. <\/p>\n<p>L\u2019entreprise poursuit en disant respectueuse des secrets commerciaux de toutes les entreprises, y compris Apple. Elle \u00e9voque son intention de coop\u00e9rer activement avec la justice, pr\u00e9cisant qu\u2019\u00ab une proc\u00e9dure judiciaire \u00e9quitable clarifiera les faits \u00bb. <\/p>\n","protected":false},"excerpt":{"rendered":"Accus\u00e9e par le g\u00e9ant am\u00e9ricain d\u2019avoir vol\u00e9 des secrets li\u00e9s \u00e0 l\u2019Apple Watch gr\u00e2ce \u00e0 un ancien employ\u00e9,&hellip;\n","protected":false},"author":2,"featured_media":343293,"comment_status":"","ping_status":"","sticky":false,"template":"","format":"standard","meta":{"footnotes":""},"categories":[7],"tags":[1011,27,43,40,41,39,42,44],"class_list":{"0":"post-343292","1":"post","2":"type-post","3":"status-publish","4":"format-standard","5":"has-post-thumbnail","7":"category-sciences-et-technologies","8":"tag-fr","9":"tag-france","10":"tag-science","11":"tag-science-and-technology","12":"tag-sciences","13":"tag-sciences-et-technologies","14":"tag-technologies","15":"tag-technology"},"share_on_mastodon":{"url":"https:\/\/pubeurope.com\/@fr\/115090509633122882","error":""},"_links":{"self":[{"href":"https:\/\/www.europesays.com\/fr\/wp-json\/wp\/v2\/posts\/343292","targetHints":{"allow":["GET"]}}],"collection":[{"href":"https:\/\/www.europesays.com\/fr\/wp-json\/wp\/v2\/posts"}],"about":[{"href":"https:\/\/www.europesays.com\/fr\/wp-json\/wp\/v2\/types\/post"}],"author":[{"embeddable":true,"href":"https:\/\/www.europesays.com\/fr\/wp-json\/wp\/v2\/users\/2"}],"replies":[{"embeddable":true,"href":"https:\/\/www.europesays.com\/fr\/wp-json\/wp\/v2\/comments?post=343292"}],"version-history":[{"count":0,"href":"https:\/\/www.europesays.com\/fr\/wp-json\/wp\/v2\/posts\/343292\/revisions"}],"wp:featuredmedia":[{"embeddable":true,"href":"https:\/\/www.europesays.com\/fr\/wp-json\/wp\/v2\/media\/343293"}],"wp:attachment":[{"href":"https:\/\/www.europesays.com\/fr\/wp-json\/wp\/v2\/media?parent=343292"}],"wp:term":[{"taxonomy":"category","embeddable":true,"href":"https:\/\/www.europesays.com\/fr\/wp-json\/wp\/v2\/categories?post=343292"},{"taxonomy":"post_tag","embeddable":true,"href":"https:\/\/www.europesays.com\/fr\/wp-json\/wp\/v2\/tags?post=343292"}],"curies":[{"name":"wp","href":"https:\/\/api.w.org\/{rel}","templated":true}]}}