{"id":343301,"date":"2025-08-25T17:13:11","date_gmt":"2025-08-25T17:13:11","guid":{"rendered":"https:\/\/www.europesays.com\/fr\/343301\/"},"modified":"2025-08-25T17:13:11","modified_gmt":"2025-08-25T17:13:11","slug":"si-cetait-a-refaire-je-le-referais","status":"publish","type":"post","link":"https:\/\/www.europesays.com\/fr\/343301\/","title":{"rendered":"\u00ab\u00a0Si c\u2019\u00e9tait \u00e0 refaire je le referais\u00a0\u00bb"},"content":{"rendered":"<blockquote class=\"question\"><p>Pourquoi vous \u00eates-vous pr\u00e9sent\u00e9e \u00e0 ce concours\u00a0?<\/p><\/blockquote>\n<p>\u00ab\u00a0Un peu par hasard. Je suis majorette \u00e0 l\u2019amicale la\u00efque de Fayol Gaffard, et Sandrine Massardier, la pr\u00e9sidente, m\u2019a pouss\u00e9e \u00e0 m\u2019inscrire. Elle m\u2019a dit qu\u2019il manquait des filles.<\/p>\n<p>Mon but n\u2019\u00e9tait pas de gagner ou de monter sur la coque, c\u2019\u00e9tait un jeu, j\u2019ai vraiment pris \u00e7a \u00e0 la l\u00e9g\u00e8re, j\u2019avais moins de stress que les autres filles. Je me suis dit \u2018\u2019\u00c7a passe, \u00e7a passe, \u00e7a ne passe pas, ce n\u2019est pas grave\u2019\u2019. \u00bb<\/p>\n<blockquote class=\"question\"><p>Comment s\u2019est pass\u00e9e la soir\u00e9e de l\u2019\u00e9lection\u00a0?<\/p><\/blockquote>\n<p>\u00ab\u00a0Finalement, j\u2019\u00e9tais plus stress\u00e9e que je le pensais. Sandrine Massardier et Mich\u00e8le Stori \u00e9taient l\u00e0 pour nous motiver, \u00e7a a \u00e9t\u00e9 plus&#8230;<\/p>\n","protected":false},"excerpt":{"rendered":"Pourquoi vous \u00eates-vous pr\u00e9sent\u00e9e \u00e0 ce concours\u00a0? \u00ab\u00a0Un peu par hasard. Je suis majorette \u00e0 l\u2019amicale la\u00efque de&hellip;\n","protected":false},"author":2,"featured_media":343302,"comment_status":"","ping_status":"","sticky":false,"template":"","format":"standard","meta":{"footnotes":""},"categories":[9653],"tags":[1111,11,2430,1687,7539,1777,674,3326,10282,10283,1011,27,12,25,4001],"class_list":{"0":"post-343301","1":"post","2":"type-post","3":"status-publish","4":"format-standard","5":"has-post-thumbnail","7":"category-saint-etienne","8":"tag-actu","9":"tag-actualites","10":"tag-auvergne-rhone-alpes","11":"tag-culture-loisirs","12":"tag-edition-loire-sud","13":"tag-eu","14":"tag-europe","15":"tag-fete-locale","16":"tag-firminy","17":"tag-firminy-ville","18":"tag-fr","19":"tag-france","20":"tag-news","21":"tag-republique-francaise","22":"tag-saint-etienne"},"share_on_mastodon":{"url":"https:\/\/pubeurope.com\/@fr\/115090528890844991","error":""},"_links":{"self":[{"href":"https:\/\/www.europesays.com\/fr\/wp-json\/wp\/v2\/posts\/343301","targetHints":{"allow":["GET"]}}],"collection":[{"href":"https:\/\/www.europesays.com\/fr\/wp-json\/wp\/v2\/posts"}],"about":[{"href":"https:\/\/www.europesays.com\/fr\/wp-json\/wp\/v2\/types\/post"}],"author":[{"embeddable":true,"href":"https:\/\/www.europesays.com\/fr\/wp-json\/wp\/v2\/users\/2"}],"replies":[{"embeddable":true,"href":"https:\/\/www.europesays.com\/fr\/wp-json\/wp\/v2\/comments?post=343301"}],"version-history":[{"count":0,"href":"https:\/\/www.europesays.com\/fr\/wp-json\/wp\/v2\/posts\/343301\/revisions"}],"wp:featuredmedia":[{"embeddable":true,"href":"https:\/\/www.europesays.com\/fr\/wp-json\/wp\/v2\/media\/343302"}],"wp:attachment":[{"href":"https:\/\/www.europesays.com\/fr\/wp-json\/wp\/v2\/media?parent=343301"}],"wp:term":[{"taxonomy":"category","embeddable":true,"href":"https:\/\/www.europesays.com\/fr\/wp-json\/wp\/v2\/categories?post=343301"},{"taxonomy":"post_tag","embeddable":true,"href":"https:\/\/www.europesays.com\/fr\/wp-json\/wp\/v2\/tags?post=343301"}],"curies":[{"name":"wp","href":"https:\/\/api.w.org\/{rel}","templated":true}]}}