{"id":343303,"date":"2025-08-25T17:14:14","date_gmt":"2025-08-25T17:14:14","guid":{"rendered":"https:\/\/www.europesays.com\/fr\/343303\/"},"modified":"2025-08-25T17:14:14","modified_gmt":"2025-08-25T17:14:14","slug":"la-video-dune-intervention-policiere-fait-le-buzz","status":"publish","type":"post","link":"https:\/\/www.europesays.com\/fr\/343303\/","title":{"rendered":"la vid\u00e9o d&rsquo;une intervention polici\u00e8re fait le buzz"},"content":{"rendered":"<p>Les images ont fait le tour du web et des m\u00e9dias. Une intervention de police a \u00e9t\u00e9 film\u00e9e le 19 ao\u00fbt aux alentours de 21 h\u00a030 et diffus\u00e9e sur les r\u00e9seaux sociaux : on y voit un policier tenter de stopper un individu au volant d\u2019une voiture blanche \u00e0 coups de pied.<\/p>\n<p>L\u2019automobiliste r\u00e9ussit finalement \u00e0 prendre la fuite en roulant \u00e0 contresens dans la rue du Vernay, entre les quartiers Saint-Roch et Badouill\u00e8re \u00e0 Saint-\u00c9tienne.<\/p>\n<p>Le directeur interd\u00e9partemental de la police nationale dans la Loire, Yves Cellier, a&#8230;<\/p>\n","protected":false},"excerpt":{"rendered":"Les images ont fait le tour du web et des m\u00e9dias. Une intervention de police a \u00e9t\u00e9 film\u00e9e&hellip;\n","protected":false},"author":2,"featured_media":343304,"comment_status":"","ping_status":"","sticky":false,"template":"","format":"standard","meta":{"footnotes":""},"categories":[9653],"tags":[1111,11,2430,271,272,7539,1777,674,274,107,1011,27,3367,12,25,4001,7538,10806,104,2803],"class_list":{"0":"post-343303","1":"post","2":"type-post","3":"status-publish","4":"format-standard","5":"has-post-thumbnail","7":"category-saint-etienne","8":"tag-actu","9":"tag-actualites","10":"tag-auvergne-rhone-alpes","11":"tag-crime","12":"tag-delit-et-contravention","13":"tag-edition-loire-sud","14":"tag-eu","15":"tag-europe","16":"tag-faits-divers-justice","17":"tag-fil-info","18":"tag-fr","19":"tag-france","20":"tag-loire","21":"tag-news","22":"tag-republique-francaise","23":"tag-saint-etienne","24":"tag-saint-etienne-ville","25":"tag-selection-de-la-redaction-42","26":"tag-societe","27":"tag-transport"},"share_on_mastodon":{"url":"https:\/\/pubeurope.com\/@fr\/115090532832065644","error":""},"_links":{"self":[{"href":"https:\/\/www.europesays.com\/fr\/wp-json\/wp\/v2\/posts\/343303","targetHints":{"allow":["GET"]}}],"collection":[{"href":"https:\/\/www.europesays.com\/fr\/wp-json\/wp\/v2\/posts"}],"about":[{"href":"https:\/\/www.europesays.com\/fr\/wp-json\/wp\/v2\/types\/post"}],"author":[{"embeddable":true,"href":"https:\/\/www.europesays.com\/fr\/wp-json\/wp\/v2\/users\/2"}],"replies":[{"embeddable":true,"href":"https:\/\/www.europesays.com\/fr\/wp-json\/wp\/v2\/comments?post=343303"}],"version-history":[{"count":0,"href":"https:\/\/www.europesays.com\/fr\/wp-json\/wp\/v2\/posts\/343303\/revisions"}],"wp:featuredmedia":[{"embeddable":true,"href":"https:\/\/www.europesays.com\/fr\/wp-json\/wp\/v2\/media\/343304"}],"wp:attachment":[{"href":"https:\/\/www.europesays.com\/fr\/wp-json\/wp\/v2\/media?parent=343303"}],"wp:term":[{"taxonomy":"category","embeddable":true,"href":"https:\/\/www.europesays.com\/fr\/wp-json\/wp\/v2\/categories?post=343303"},{"taxonomy":"post_tag","embeddable":true,"href":"https:\/\/www.europesays.com\/fr\/wp-json\/wp\/v2\/tags?post=343303"}],"curies":[{"name":"wp","href":"https:\/\/api.w.org\/{rel}","templated":true}]}}