{"id":343305,"date":"2025-08-25T17:15:13","date_gmt":"2025-08-25T17:15:13","guid":{"rendered":"https:\/\/www.europesays.com\/fr\/343305\/"},"modified":"2025-08-25T17:15:13","modified_gmt":"2025-08-25T17:15:13","slug":"nuit-de-la-pep-ce-mercredi","status":"publish","type":"post","link":"https:\/\/www.europesays.com\/fr\/343305\/","title":{"rendered":"Nuit de la P\u00e9p ce mercredi"},"content":{"rendered":"<p>Dans le cadre des Mercredis de la P\u00e9p\u2019, le parc de la P\u00e9pini\u00e8re s\u2019\u00e9teint pour mieux r\u00e9v\u00e9ler les secrets de la vie nocturne. Venez vivre une exp\u00e9rience nocturne magique au c\u0153ur de la nature urbaine. Laissez-vous guider par des sp\u00e9cialistes, \u00e0 travers les all\u00e9es assombries, pour d\u00e9couvrir les \u00e9toiles, \u00e9couter les chauves-souris, observer papillons ou oiseaux de nuit, et comprendre l\u2019impact de la pollution lumineuse.<\/p>\n<p class=\"note\">Mercredi 27\u00a0ao\u00fbt, de 20\u00a0h \u00e0 minuit, \u00e0 la P\u00e9pini\u00e8re, pr\u00e8s de l\u2019espace animalier, \u00e0 Nancy. Entr\u00e9e libre.<\/p>\n","protected":false},"excerpt":{"rendered":"Dans le cadre des Mercredis de la P\u00e9p\u2019, le parc de la P\u00e9pini\u00e8re s\u2019\u00e9teint pour mieux r\u00e9v\u00e9ler les&hellip;\n","protected":false},"author":2,"featured_media":343306,"comment_status":"","ping_status":"","sticky":false,"template":"","format":"standard","meta":{"footnotes":""},"categories":[9635],"tags":[1111,11,7782,1687,1704,1777,674,1011,27,775,1702,1703,12,25],"class_list":{"0":"post-343305","1":"post","2":"type-post","3":"status-publish","4":"format-standard","5":"has-post-thumbnail","7":"category-nancy","8":"tag-actu","9":"tag-actualites","10":"tag-balades-et-randonnees","11":"tag-culture-loisirs","12":"tag-edition-nancy-et-agglomeration","13":"tag-eu","14":"tag-europe","15":"tag-fr","16":"tag-france","17":"tag-grand-est","18":"tag-nancy","19":"tag-nancy-ville-54b","20":"tag-news","21":"tag-republique-francaise"},"share_on_mastodon":{"url":"https:\/\/pubeurope.com\/@fr\/115090536782920378","error":""},"_links":{"self":[{"href":"https:\/\/www.europesays.com\/fr\/wp-json\/wp\/v2\/posts\/343305","targetHints":{"allow":["GET"]}}],"collection":[{"href":"https:\/\/www.europesays.com\/fr\/wp-json\/wp\/v2\/posts"}],"about":[{"href":"https:\/\/www.europesays.com\/fr\/wp-json\/wp\/v2\/types\/post"}],"author":[{"embeddable":true,"href":"https:\/\/www.europesays.com\/fr\/wp-json\/wp\/v2\/users\/2"}],"replies":[{"embeddable":true,"href":"https:\/\/www.europesays.com\/fr\/wp-json\/wp\/v2\/comments?post=343305"}],"version-history":[{"count":0,"href":"https:\/\/www.europesays.com\/fr\/wp-json\/wp\/v2\/posts\/343305\/revisions"}],"wp:featuredmedia":[{"embeddable":true,"href":"https:\/\/www.europesays.com\/fr\/wp-json\/wp\/v2\/media\/343306"}],"wp:attachment":[{"href":"https:\/\/www.europesays.com\/fr\/wp-json\/wp\/v2\/media?parent=343305"}],"wp:term":[{"taxonomy":"category","embeddable":true,"href":"https:\/\/www.europesays.com\/fr\/wp-json\/wp\/v2\/categories?post=343305"},{"taxonomy":"post_tag","embeddable":true,"href":"https:\/\/www.europesays.com\/fr\/wp-json\/wp\/v2\/tags?post=343305"}],"curies":[{"name":"wp","href":"https:\/\/api.w.org\/{rel}","templated":true}]}}