{"id":343309,"date":"2025-08-25T17:17:11","date_gmt":"2025-08-25T17:17:11","guid":{"rendered":"https:\/\/www.europesays.com\/fr\/343309\/"},"modified":"2025-08-25T17:17:11","modified_gmt":"2025-08-25T17:17:11","slug":"aidez-nous-a-retrouver-clara-elle-a-15-ans-nous-sommes-desempares-les-proches-de-lado-disparue-a-toulon-sont-inquiets","status":"publish","type":"post","link":"https:\/\/www.europesays.com\/fr\/343309\/","title":{"rendered":"\u00ab\u00a0Aidez-nous \u00e0 retrouver Clara, elle a 15 ans! Nous sommes d\u00e9sempar\u00e9s\u00a0\u00bb: les proches de l&rsquo;ado disparue \u00e0 Toulon sont inquiets"},"content":{"rendered":"<p>O\u00f9 est Clara? Qui a pay\u00e9 le trajet garde de Lyon \u00e0 Paris\/ Toulon le samedi 9 ao\u00fbt dernier? Qui l&rsquo;a prise en charge depuis qu&rsquo;elle a disparu du foyer de son p\u00e8re, mais aussi du foyer de protection de l&rsquo;Enfance o\u00f9 elle a \u00e9t\u00e9 plac\u00e9e apr\u00e8s son arriv\u00e9e dans le Var? Des adultes profitent-t-il de la faiblesse et du jeune \u00e2ge de l&rsquo;adolescente depuis pr\u00e8s de seize jours?<\/p>\n<p>\u00ab\u00a0Nous sommes en \u00e9tat de sid\u00e9ration depuis des jours. En tant que b\u00e9n\u00e9voles de l&rsquo;Association de recherches des personnes disparus (ARPD), nous avons \u00e9t\u00e9 saisis pour aider la famille \u00e0 retrouver Clara. Nous allons de rebondissements en incompr\u00e9hensions\u00a0\u00bb, d\u00e9plore Karine Ragot, la vice-pr\u00e9sidente r\u00e9gionale de l&rsquo;ARPD.\u00a0<\/p>\n<p>\u00ab\u00a0A 15 ans, on ne prend pas le train seule pour aller s&rsquo;amuser dans le sud!\u00a0\u00bb<\/p>\n<p>\u00ab\u00a0Clara est mineure! Elle a 15 ans depuis le mois d&rsquo;avril. On ne peut pas nous r\u00e9pondre qu&rsquo;elle a pris le train pour aller s&rsquo;amuser dans le sud, qu&rsquo;elle profite de la plage! Il ne faut pas prendre cette disparition \u00e0 la l\u00e9g\u00e8re. Elle est une cible facile, na\u00efve. Qui lui a fait miroiter qu&rsquo;elle pourrait gagner de l&rsquo;argent facilement \u00e0 Toulon? Qui l&rsquo;h\u00e9berge?\u00a0\u00bb, se demandent ses proches.\u00a0<\/p>\n<p>Contact\u00e9e dans la Val-de-Marne o\u00f9 elle attend la moindre nouvelle, sa maman est d\u00e9sempar\u00e9e. Elle a r\u00e9ussi \u00e0 garder des contacts tr\u00e8s \u00e9pisodiques jusqu&rsquo;\u00e0 la semaine derni\u00e8re. Depuis, plus rien. \u00ab\u00a0C&rsquo;est infernal. Il y a les cours qui vont reprendre et je ne sais pas o\u00f9 elle est et ce qu&rsquo;elle fait. Je n&rsquo;ose m\u00eame plus appeler la police \u00e0 Toulon, j&rsquo;ai l&rsquo;impression de d\u00e9ranger\u00a0\u00bb.\u00a0<\/p>\n<p>Contact\u00e9 ce lundi 25 ao\u00fbt, Samuel Finieltz, le procureur de Toulon indique que \u00ab\u00a0Clara n&rsquo;a pas disparu \u00e0 Toulon mais \u00e0 son domicile en r\u00e9gion parisienne. C&rsquo;est le parquet de son domicile qui a \u00e9t\u00e9 saisi\u00a0\u00bb. Selon le commissariat du Val-de-Marne qui a r\u00e9ceptionn\u00e9 la plainte de la maman, le parquet de Cr\u00e9teil serait en charge du dossier.\u00a0<\/p>\n<p>Elle part du Val-de-Marne et elle est interpell\u00e9e \u00e0 Toulon<\/p>\n<p>Tout a commenc\u00e9 le 9 ao\u00fbt 2025. Ses parents \u00e9tant s\u00e9par\u00e9s, la jeune fille fr\u00eale qui fait bien moins que 15 ans, se trouve alors chez son p\u00e8re en r\u00e9gion parisienne. Elle lui dit vouloir se rendre au cin\u00e9ma avec une amie. Son p\u00e8re lui donne 20 euros pour sa sortie.\u00a0<\/p>\n<p>Mais Clara va prendre la direction de Paris et de la gare de Lyon o\u00f9 elle embarque dans un train \u00e0 destination de Toulon. C&rsquo;est au moment o\u00f9 le train a quitt\u00e9 la Capitale que sa m\u00e8re apprend son projet de voyage dans le sud. \u00ab\u00a0Une r\u00e9gion qu&rsquo;elle ne conna\u00eet absolument pas\u00a0\u00bb.\u00a0<\/p>\n<p>Le commissariat de sa commune d&rsquo;origine est inform\u00e9 du d\u00e9part sans autorisation de l&rsquo;adolescente. La m\u00e8re et la grand-m\u00e8re s&rsquo;activent alors pour pr\u00e9venir le commissariat de Toulon de la situation. De num\u00e9ros en num\u00e9ros, elles expliquent la d\u00e9part de la mineure \u00e0 destination de la ville-pr\u00e9fecture.\u00a0<\/p>\n<p>La fugueuse est finalement appr\u00e9hend\u00e9e ce samedi 9 ao\u00fbt, apr\u00e8s 23h30, \u00e0 la gare et conduite, selon ses proches, au commissariat central pour \u00eatre auditionn\u00e9e. En panique, sa m\u00e8re organise son d\u00e9placement dans le Var pour rejoindre sa fille d\u00e8s le lundi. Dans l&rsquo;attente, l&rsquo;ado est dirig\u00e9e vers un \u00e9tablissement d&rsquo;accueil r\u00e9serv\u00e9 aux mineurs \u00e0 L Valette.\u00a0<\/p>\n<p>              <img ci-src=\"https:\/\/www.nicematin.com\/faits-divers\/Clara_0-G3UeEuOP.jpg?vh=c9167b&amp;ci_seal=3e0460f030\" alt=\"\"\/><br \/>\n        L&rsquo;ARPD a lanc\u00e9, \u00e0 la demande des parents, un appel \u00e0 t\u00e9moins pour retrouver Clara, 15 ans, qui a rejoint Toulon le 9 ao\u00fbt 2025 depuis la r\u00e9gion parisienne <strong>Photo ARPD.<\/strong> <\/p>\n<p>                                Plac\u00e9e sous la responsabilit\u00e9 de l&rsquo;aide sociale \u00e0 l&rsquo;Enfance, elle fugue<\/p>\n<p>Le dimanche 10 ao\u00fbt, un \u00e9ducateur entre en contacte avec la famille. Ce m\u00eame jour, vers 12h30, Clara commence \u00e0 tourner en rond, semble contacter quelqu&rsquo;un par t\u00e9l\u00e9phone et annonce aller \u00e0 la plage. En quelques minutes, elle quitte le foyer de protection de l&rsquo;Enfance pour dispara\u00eetre, une nouvelle fois, dans la nature, sans laisser d&rsquo;affaires sur place.\u00a0<\/p>\n<p>Nouveau coup dur pour la famille. \u00ab\u00a0En apprenant son d\u00e9part du foyer, j&rsquo;ai contact\u00e9 tous les commissariats de la r\u00e9gion toulonnaise et celui de notre commune. Sans \u00eatre \u00e9cout\u00e9e\u00a0\u00bb, rel\u00e8ve sa m\u00e8re. \u00ab\u00a0Une mineure de 15 ans, plac\u00e9e en foyer, le fuit et cela para\u00eet anodin. Je suis constern\u00e9e\u00a0\u00bb, rel\u00e8ve Mme Ragot de l&rsquo;ARPD Paca.\u00a0<\/p>\n<p>En ce jour dominical, un message \u00e9lectronique aurait \u00e9t\u00e9 envoy\u00e9, selon la maman, au commissariat de Toulon pour expliquer la situation par un responsable du foyer g\u00e9r\u00e9 par le conseil d\u00e9partemental du Var qui, ce lundi 25 ao\u00fbt, n&rsquo;a pas r\u00e9pondu \u00e0 notre sollicitation.\u00a0<\/p>\n<p>\u00ab\u00a0Il n&rsquo;y a aucune mesure de coercition dans les foyers de l&rsquo;ASE, pas de couvre-feu, pas d&rsquo;interdiction de sortie. Les mineurs vont et viennent\u00a0\u00bb, constate Claude Ardid, ex-reporter \u00e0 Var-matin, auteur de <strong>\u00ab\u00a0La Fabrique du malheur\u00a0\u00bb (L&rsquo;Observatoire)<\/strong> sur les carences de l&rsquo;aide sociale \u00e0 l&rsquo;Enfance en France.<\/p>\n<p>La difficult\u00e9 d&rsquo;avoir des nouvelles<\/p>\n<p>\u00ab\u00a0Ce qu&rsquo;il se passe est dramatique. C&rsquo;est une porte ouverte au pire (consommation de stups, prostitution enfantine, trafics en tout genre&#8230;). Il est temps de r\u00e9agir pour sauver cette jeunesse en danger\u00a0\u00bb, mart\u00e8le-t-il d&rsquo;interviews en plateaux TV.\u00a0<\/p>\n<p>Depuis, son m\u00e8re, sa grand-m\u00e8re et son p\u00e8re attendent d&rsquo;avoir des informations. \u00ab\u00a0C&rsquo;est tr\u00e8s difficile. On nous passe de service en service. A chaque fois, il faut r\u00e9p\u00e9ter notre histoire. Nous ne savons rien. Nous ne savons pas o\u00f9 elle peut \u00eatre et avec qui. Nus ne savons pas qui dirige les recherches si elles ont lieu. Aidez-nous \u00e0 retrouver Clara!\u00a0\u00bb.\u00a0<\/p>\n<p>Pour Roger, enqu\u00eateur b\u00e9n\u00e9vole \u00e0 l&rsquo;ARPD, ex-gendarme \u00e0 la retraite, il y a pourtant des pistes \u00e0 suivre, des personnes \u00e0 alerter. Selon lui, des investigations auraient pu \u00eatre men\u00e9es pour identifier les connaissances varoises de l&rsquo;adolescente tr\u00e8s branch\u00e9es r\u00e9seaux sociaux. Un travail de fourmi que les b\u00e9n\u00e9voles sont pr\u00eats \u00e0 mener pour savoir une enfant en s\u00e9curit\u00e9.\u00a0<\/p>\n<p>\u00a0<\/p>\n<p>\u00a0<\/p>\n","protected":false},"excerpt":{"rendered":"O\u00f9 est Clara? Qui a pay\u00e9 le trajet garde de Lyon \u00e0 Paris\/ Toulon le samedi 9 ao\u00fbt&hellip;\n","protected":false},"author":2,"featured_media":343310,"comment_status":"","ping_status":"","sticky":false,"template":"","format":"standard","meta":{"footnotes":""},"categories":[9619],"tags":[1111,11,1777,674,118,1011,27,303,12,882,25,2310],"class_list":{"0":"post-343309","1":"post","2":"type-post","3":"status-publish","4":"format-standard","5":"has-post-thumbnail","7":"category-toulon","8":"tag-actu","9":"tag-actualites","10":"tag-eu","11":"tag-europe","12":"tag-faits-divers","13":"tag-fr","14":"tag-france","15":"tag-justice","16":"tag-news","17":"tag-provence-alpes-cote-dazur","18":"tag-republique-francaise","19":"tag-toulon"},"share_on_mastodon":{"url":"https:\/\/pubeurope.com\/@fr\/115090544698932961","error":""},"_links":{"self":[{"href":"https:\/\/www.europesays.com\/fr\/wp-json\/wp\/v2\/posts\/343309","targetHints":{"allow":["GET"]}}],"collection":[{"href":"https:\/\/www.europesays.com\/fr\/wp-json\/wp\/v2\/posts"}],"about":[{"href":"https:\/\/www.europesays.com\/fr\/wp-json\/wp\/v2\/types\/post"}],"author":[{"embeddable":true,"href":"https:\/\/www.europesays.com\/fr\/wp-json\/wp\/v2\/users\/2"}],"replies":[{"embeddable":true,"href":"https:\/\/www.europesays.com\/fr\/wp-json\/wp\/v2\/comments?post=343309"}],"version-history":[{"count":0,"href":"https:\/\/www.europesays.com\/fr\/wp-json\/wp\/v2\/posts\/343309\/revisions"}],"wp:featuredmedia":[{"embeddable":true,"href":"https:\/\/www.europesays.com\/fr\/wp-json\/wp\/v2\/media\/343310"}],"wp:attachment":[{"href":"https:\/\/www.europesays.com\/fr\/wp-json\/wp\/v2\/media?parent=343309"}],"wp:term":[{"taxonomy":"category","embeddable":true,"href":"https:\/\/www.europesays.com\/fr\/wp-json\/wp\/v2\/categories?post=343309"},{"taxonomy":"post_tag","embeddable":true,"href":"https:\/\/www.europesays.com\/fr\/wp-json\/wp\/v2\/tags?post=343309"}],"curies":[{"name":"wp","href":"https:\/\/api.w.org\/{rel}","templated":true}]}}