{"id":343312,"date":"2025-08-25T17:19:11","date_gmt":"2025-08-25T17:19:11","guid":{"rendered":"https:\/\/www.europesays.com\/fr\/343312\/"},"modified":"2025-08-25T17:19:11","modified_gmt":"2025-08-25T17:19:11","slug":"dinadmissibles-debordements-le-prefet-et-le-maire-reagissent-apres-la-manifestation-ciblant-une-creperie-du-centre-de-montpellier","status":"publish","type":"post","link":"https:\/\/www.europesays.com\/fr\/343312\/","title":{"rendered":"\u00ab\u00a0D\u2019inadmissibles d\u00e9bordements\u00a0\u00bb\u00a0: le pr\u00e9fet et le maire r\u00e9agissent apr\u00e8s la manifestation ciblant une cr\u00eaperie du centre de Montpellier"},"content":{"rendered":"<p>\n                                                                Le mouvement BDS a vis\u00e9 samedi 23\u00a0ao\u00fbt \u00e0 Montpellier une cr\u00eaperie du centre-ville, accus\u00e9e de soutenir la journ\u00e9e de J\u00e9rusalem. Devant l\u2019enseigne, les manifestants ont appel\u00e9 publiquement au boycott, suscitant de vives r\u00e9actions. Le maire Micha\u00ebl Delafosse et le pr\u00e9fet Fran\u00e7ois-Xavier Lauch ont condamn\u00e9 ces d\u00e9bordements et annonc\u00e9 des mesures pour pr\u00e9server l\u2019ordre public.\n                            <\/p>\n<p>Le mouvement Boycott, d\u00e9sinvestissement et sanctions (BDS) a de nouveau fait parler de lui, samedi 23\u00a0ao\u00fbt \u00e0 Montpellier. Alors que le cort\u00e8ge circulait dans l\u2019\u00c9cusson pour r\u00e9clamer le boycott d\u2019Isra\u00ebl, la manifestation s\u2019est arr\u00eat\u00e9e devant la cr\u00eaperie Le Kreisker pour signaler leur m\u00e9contentement de fa\u00e7on virulente. BDS reprochait au commerce de sponsoriser chaque ann\u00e9e la journ\u00e9e de J\u00e9rusalem.<\/p>\n<p>\u00ab\u00a0Dans le programme du centre communautaire culturel juif de Montpellier qui organise la journ\u00e9e, il y a toujours une page r\u00e9serv\u00e9e \u00e0 la cr\u00eaperie\u00a0\u00bb, peut-on entendre dans la vid\u00e9o diffus\u00e9e sur les r\u00e9seaux sociaux. BDS a m\u00eame appel\u00e9 au boycott\u00a0: \u00ab\u00a0Je vous encourage \u00e0 ne plus jamais venir manger ici.\u00a0\u00bb<\/p>\n<p>\u00ab\u00a0Ils ont cherch\u00e9 \u00e0 semer la haine\u00a0\u00bb<\/p>\n<p>Les \u00e9lus ont imm\u00e9diatement condamn\u00e9 cet \u00e9v\u00e8nement en commen\u00e7ant par le maire de Montpellier Micha\u00ebl Delafosse\u00a0: \u00ab\u00a0Si manifester est une libert\u00e9 de tels proc\u00e9d\u00e9s sont indignes et contraires aux valeurs d\u00e9mocratiques. Les responsables locaux de ce mouvement sont h\u00e9las coutumiers de ces agissements. Une plainte a d\u2019ailleurs \u00e9t\u00e9 d\u00e9pos\u00e9e \u00e0 la suite d\u2019une banderole me visant personnellement.\u00a0\u00bb<\/p>\n<p>\u00ab\u00a0Une fois de plus, la manifestation de BDS samedi dernier s\u2019est traduite par d\u2019inadmissibles d\u00e9bordements. En prenant honteusement \u00e0 partie plusieurs commerces du centre-ville de Montpellier, les manifestants ont de nouveau cherch\u00e9 \u00e0 semer la haine sur leur parcours et attiser des conflits\u00a0\u00bb, a r\u00e9agi dans un communiqu\u00e9, ce lundi 25\u00a0ao\u00fbt, le pr\u00e9fet de l\u2019H\u00e9rault Fran\u00e7ois-Xavier Lauch.<\/p>\n<p>\u00ab\u00a0J\u2019avais d\u00e9j\u00e0 interdit \u00e0 cette manifestation d\u2019emprunter la place de la Com\u00e9die. Je continuerai \u00e0 mobiliser l\u2019ensemble des outils qui sont \u00e0 ma disposition pour pr\u00e9server l\u2019ordre public et interdirai toute nouvelle manifestation d\u00e9clar\u00e9e par ce collectif\u00a0\u00bb, a-t-il poursuivi. Les prochains samedis seront \u00e0 surveiller.<\/p>\n","protected":false},"excerpt":{"rendered":"Le mouvement BDS a vis\u00e9 samedi 23\u00a0ao\u00fbt \u00e0 Montpellier une cr\u00eaperie du centre-ville, accus\u00e9e de soutenir la journ\u00e9e&hellip;\n","protected":false},"author":2,"featured_media":343313,"comment_status":"","ping_status":"","sticky":false,"template":"","format":"standard","meta":{"footnotes":""},"categories":[9599],"tags":[1111,11,1777,674,1011,27,2208,12,2680,25],"class_list":{"0":"post-343312","1":"post","2":"type-post","3":"status-publish","4":"format-standard","5":"has-post-thumbnail","7":"category-montpellier","8":"tag-actu","9":"tag-actualites","10":"tag-eu","11":"tag-europe","12":"tag-fr","13":"tag-france","14":"tag-montpellier","15":"tag-news","16":"tag-occitanie","17":"tag-republique-francaise"},"share_on_mastodon":{"url":"https:\/\/pubeurope.com\/@fr\/115090552670612874","error":""},"_links":{"self":[{"href":"https:\/\/www.europesays.com\/fr\/wp-json\/wp\/v2\/posts\/343312","targetHints":{"allow":["GET"]}}],"collection":[{"href":"https:\/\/www.europesays.com\/fr\/wp-json\/wp\/v2\/posts"}],"about":[{"href":"https:\/\/www.europesays.com\/fr\/wp-json\/wp\/v2\/types\/post"}],"author":[{"embeddable":true,"href":"https:\/\/www.europesays.com\/fr\/wp-json\/wp\/v2\/users\/2"}],"replies":[{"embeddable":true,"href":"https:\/\/www.europesays.com\/fr\/wp-json\/wp\/v2\/comments?post=343312"}],"version-history":[{"count":0,"href":"https:\/\/www.europesays.com\/fr\/wp-json\/wp\/v2\/posts\/343312\/revisions"}],"wp:featuredmedia":[{"embeddable":true,"href":"https:\/\/www.europesays.com\/fr\/wp-json\/wp\/v2\/media\/343313"}],"wp:attachment":[{"href":"https:\/\/www.europesays.com\/fr\/wp-json\/wp\/v2\/media?parent=343312"}],"wp:term":[{"taxonomy":"category","embeddable":true,"href":"https:\/\/www.europesays.com\/fr\/wp-json\/wp\/v2\/categories?post=343312"},{"taxonomy":"post_tag","embeddable":true,"href":"https:\/\/www.europesays.com\/fr\/wp-json\/wp\/v2\/tags?post=343312"}],"curies":[{"name":"wp","href":"https:\/\/api.w.org\/{rel}","templated":true}]}}