{"id":343314,"date":"2025-08-25T17:20:13","date_gmt":"2025-08-25T17:20:13","guid":{"rendered":"https:\/\/www.europesays.com\/fr\/343314\/"},"modified":"2025-08-25T17:20:13","modified_gmt":"2025-08-25T17:20:13","slug":"manifestation-du-collectif-bds-le-prefet-denonce-dinadmissibles-debordements","status":"publish","type":"post","link":"https:\/\/www.europesays.com\/fr\/343314\/","title":{"rendered":"manifestation du collectif BDS, le pr\u00e9fet d\u00e9nonce \u00ab\u00a0d&rsquo;inadmissibles d\u00e9bordements\u00a0\u00bb"},"content":{"rendered":"<p>\nDans un communiqu\u00e9, le pr\u00e9fet de l&rsquo;H\u00e9rault, Fran\u00e7ois-Xavier Lauch, d\u00e9nonce les actions du collectif BDS Montpellier lors d&rsquo;une manifestation qui s&rsquo;est tenue le 16 ao\u00fbt dernier.<\/p>\n<p>\n\u00a9 Illustration \u2013 BDS Montpellier.<\/p>\n<p>\u00ab\u00a0Une fois de plus, la manifestation de BDS samedi dernier s\u2019est traduite par d\u2019inadmissibles d\u00e9bordements\u00a0\u00bb, d\u00e9nonce le <a href=\"https:\/\/www.herault.gouv.fr\/\" target=\"_blank\" rel=\"nofollow noopener\"><strong>pr\u00e9fet de l\u2019H\u00e9rault<\/strong><\/a> dans un communiqu\u00e9, suite \u00e0 la manifestation du collectif BDS organis\u00e9e le samedi 16 ao\u00fbt. Initialement les manifestants pro-Palestine devaient se rassembler sur la <strong>Place de la Com\u00e9die<\/strong>. Le pr\u00e9fet avait alors pris la d\u00e9cision d\u2019interdire ce rassemblement sur la Place montpelli\u00e9raine. Les membres du collectif ont alors pris la d\u00e9cision de se rendre <strong>rue de la Loge<\/strong> afin de tenir le rassemblement.<\/p>\n<p>Les prochaines manifestations interdites<\/p>\n<p>\u00ab\u00a0En prenant honteusement \u00e0 partie plusieurs commerces du centre-ville de <a href=\"https:\/\/infoccitanie.fr\/tag\/montpellier\/\" target=\"_blank\" rel=\"noopener\"><strong>Montpellier<\/strong><\/a>, les manifestants ont de nouveau cherch\u00e9 \u00e0 semer la haine sur leur parcours et attiser des conflits\u00a0\u00bb, ajoute le pr\u00e9fet. Ainsi, Fran\u00e7ois-Xavier Lauch affirme continuer \u00e0 \u00ab\u00a0mobiliser l\u2019ensemble des outils qui sont \u00e0 ma disposition pour pr\u00e9server l\u2019ordre public et interdirai toute nouvelle manifestation d\u00e9clar\u00e9e par ce collectif.\u00a0\u00bb<\/p>\n<blockquote class=\"twitter-tweet\" data-width=\"500\" data-dnt=\"true\">\n<p lang=\"fr\" dir=\"ltr\">Une fois de plus, la manifestation de BDS samedi dernier s&rsquo;est traduite par d&rsquo;inadmissibles d\u00e9bordements. En prenant honteusement \u00e0 partie plusieurs commerces du centre-ville de Montpellier, les manifestants ont de nouveau cherch\u00e9 \u00e0 semer la haine sur leur parcours et attiser des\u2026 <a href=\"https:\/\/t.co\/VmjpitFGmQ\" target=\"_blank\" rel=\"nofollow\">pic.twitter.com\/VmjpitFGmQ<\/a><\/p>\n<p>\u2014 Pr\u00e9fet de l&rsquo;H\u00e9rault \ud83c\uddeb\ud83c\uddf7 (@Prefet34) <a href=\"https:\/\/twitter.com\/Prefet34\/status\/1959942815380554123?ref_src=twsrc%5Etfw\" target=\"_blank\" rel=\"nofollow noopener\">August 25, 2025<\/a><\/p><\/blockquote>\n<p> <a data-no-instant=\"1\" href=\"https:\/\/www.lio-occitanie.fr\/titres-et-tarifs\/\" rel=\"noopener\" class=\"a2t-link\" aria-label=\"2915-lio-sncf-2025\" target=\"_blank\"><img decoding=\"async\" src=\"https:\/\/www.europesays.com\/fr\/wp-content\/uploads\/2025\/08\/2915-lio-sncf-2025.png\" alt=\"\"  \/><\/a><script async src=\"https:\/\/platform.twitter.com\/widgets.js\" charset=\"utf-8\"><\/script><\/p>\n","protected":false},"excerpt":{"rendered":"Dans un communiqu\u00e9, le pr\u00e9fet de l&rsquo;H\u00e9rault, Fran\u00e7ois-Xavier Lauch, d\u00e9nonce les actions du collectif BDS Montpellier lors d&rsquo;une&hellip;\n","protected":false},"author":2,"featured_media":343315,"comment_status":"","ping_status":"","sticky":false,"template":"","format":"standard","meta":{"footnotes":""},"categories":[9599],"tags":[1111,11,1777,674,1011,27,2088,2208,12,2680,25],"class_list":{"0":"post-343314","1":"post","2":"type-post","3":"status-publish","4":"format-standard","5":"has-post-thumbnail","7":"category-montpellier","8":"tag-actu","9":"tag-actualites","10":"tag-eu","11":"tag-europe","12":"tag-fr","13":"tag-france","14":"tag-manifestation","15":"tag-montpellier","16":"tag-news","17":"tag-occitanie","18":"tag-republique-francaise"},"share_on_mastodon":{"url":"https:\/\/pubeurope.com\/@fr\/115090556735181837","error":""},"_links":{"self":[{"href":"https:\/\/www.europesays.com\/fr\/wp-json\/wp\/v2\/posts\/343314","targetHints":{"allow":["GET"]}}],"collection":[{"href":"https:\/\/www.europesays.com\/fr\/wp-json\/wp\/v2\/posts"}],"about":[{"href":"https:\/\/www.europesays.com\/fr\/wp-json\/wp\/v2\/types\/post"}],"author":[{"embeddable":true,"href":"https:\/\/www.europesays.com\/fr\/wp-json\/wp\/v2\/users\/2"}],"replies":[{"embeddable":true,"href":"https:\/\/www.europesays.com\/fr\/wp-json\/wp\/v2\/comments?post=343314"}],"version-history":[{"count":0,"href":"https:\/\/www.europesays.com\/fr\/wp-json\/wp\/v2\/posts\/343314\/revisions"}],"wp:featuredmedia":[{"embeddable":true,"href":"https:\/\/www.europesays.com\/fr\/wp-json\/wp\/v2\/media\/343315"}],"wp:attachment":[{"href":"https:\/\/www.europesays.com\/fr\/wp-json\/wp\/v2\/media?parent=343314"}],"wp:term":[{"taxonomy":"category","embeddable":true,"href":"https:\/\/www.europesays.com\/fr\/wp-json\/wp\/v2\/categories?post=343314"},{"taxonomy":"post_tag","embeddable":true,"href":"https:\/\/www.europesays.com\/fr\/wp-json\/wp\/v2\/tags?post=343314"}],"curies":[{"name":"wp","href":"https:\/\/api.w.org\/{rel}","templated":true}]}}