{"id":343318,"date":"2025-08-25T17:24:30","date_gmt":"2025-08-25T17:24:30","guid":{"rendered":"https:\/\/www.europesays.com\/fr\/343318\/"},"modified":"2025-08-25T17:24:30","modified_gmt":"2025-08-25T17:24:30","slug":"grenoble-pourquoi-les-policiers-espagnols-sont-deployes-en-nombre-dans-la-ville","status":"publish","type":"post","link":"https:\/\/www.europesays.com\/fr\/343318\/","title":{"rendered":"Grenoble. Pourquoi les policiers espagnols sont d\u00e9ploy\u00e9s en nombre dans la ville"},"content":{"rendered":"<p>            Par<br \/>\n        <strong><br \/>\n            <a href=\"https:\/\/actu.fr\/auteur\/emma-ressegaire\" title=\"Consulter tous les articles de Emma Ressegaire\" rel=\"nofollow noopener\" target=\"_blank\">Emma Ressegaire<\/a><br \/>\n        <\/strong><\/p>\n<p>        Publi\u00e9 le<\/p>\n<p>            25 ao\u00fbt 2025 \u00e0 18h26        <\/p>\n<p>Sur des motos, la <strong>garde civile espagnole<\/strong> a \u00e9t\u00e9 aper\u00e7ue, ce lundi 25 ao\u00fbt, dans les rues grenobloises. Et ce n\u2019est pas parce que la Ville de <a href=\"https:\/\/actu.fr\/grenoble\/\" rel=\"nofollow noopener\" target=\"_blank\">Grenoble<\/a> a demand\u00e9 des renforts de forces de l\u2019ordre mais pour une autre cause.<\/p>\n<p class=\" wall-content\">Si la police espagnole est en ville, c\u2019est en raison du <strong>passage de la Vuelta<\/strong> dans le d\u00e9partement de l\u2019Is\u00e8re, ce mardi 26 ao\u00fbt. Comme indiqu\u00e9 sur son compte X, \u00ab\u00a0la Guardia civil\u00a0\u00bb explique avoir <strong>pris connaissance de l\u2019itin\u00e9raire<\/strong> de l\u2019\u00e9tape is\u00e9roise de la mythique course de cyclisme espagnole.<\/p>\n<p class=\" wall-content\">Pour cette derni\u00e8re, le parcours ne sera pas ouvert par la gendarmerie, comme au Tour de France, mais bien par la garde civile espagnole.<\/p>\n<p class=\" wall-content\">\n<p>La mythique course de cyclisme espagnole en \u00e9tape dans l\u2019Is\u00e8re<\/p>\n<p class=\" wall-content\">Pour rappel, ce mardi 26 ao\u00fbt, le peloton traversera l\u2019Is\u00e8re : Rochetaill\u00e9e, Pont-de-Calaix, Fontaine, Moirans avant d\u2019arriver \u00e0 Voiron, <strong>ville d\u2019arriv\u00e9e de la 4e \u00e9tape<\/strong>.\u00a0<\/p>\n<p class=\" wall-content\">La municipalit\u00e9 voironnaise a indiqu\u00e9 que des <a href=\"https:\/\/actu.fr\/auvergne-rhone-alpes\/voiron_38563\/pres-de-grenoble-cette-commune-accueille-une-course-mythique-de-grosses-perturbations-a-prevoir_63056755.html\" rel=\"nofollow noopener\" target=\"_blank\">perturbations de stationnement et de circulations<\/a> sont \u00e0 pr\u00e9voir au sein de la ville afin que l\u2019arriv\u00e9e de la course se fasse <strong>dans les meilleures conditions<\/strong>.<\/p>\n<p>Perturbations \u00e0 pr\u00e9voir<\/p>\n<p class=\" wall-content\">De nombreuses rues du centre-ville seront ferm\u00e9es \u00e0 la circulation ou au stationnement du 25 ao\u00fbt \u00e0 19h jusqu\u2019au 26 ao\u00fbt vers 20h. Pour pallier le d\u00e9sagr\u00e9ment, <strong>des d\u00e9viations seront n\u00e9anmoins mises en place<\/strong>.<\/p>\n<p class=\" wall-content\">Plusieurs <strong>parkings p\u00e9riph\u00e9riques<\/strong> resteront toutefois accessibles durant l\u2019\u00e9v\u00e9nement, \u00e0 savoir ceux de Tisserands, Grand Angle, Porte de la Buisse, Guillon et Rossignol R\u00e9publique.<\/p>\n<p>Votre r\u00e9gion, votre actu !<\/p>\n<p>Recevez chaque jour les infos qui comptent pour vous.<\/p>\n<p>\t<a href=\"https:\/\/actu.fr\/newsletter\" class=\"ac-btn ac-btn--corner ac-btn--medium ac-btn--blue800\" rel=\"nofollow noopener\" target=\"_blank\">S&rsquo;incrire<\/a><\/p>\n<p class=\" wall-content\">De plus, \u00e0 compter de ce mardi midi jusqu\u2019\u00e0 l\u2019arriv\u00e9e des cyclistes, de nombreuses animations se tiendront sur les places G\u00e9n\u00e9ral-Leclerc et de la R\u00e9publique. Au programme\u2009: \u00e9cran g\u00e9ant pour suivre la course en direct, show VTT, <strong>paella g\u00e9ante et boissons fruit\u00e9es<\/strong>, DJ, podium, ainsi que divers jeux.<\/p>\n<p class=\" wall-content\">Personnalisez votre actualit\u00e9 en ajoutant vos villes et m\u00e9dias en favori avec <a href=\"https:\/\/moncompte.actu.fr\" title=\"D\u00e9couvez Mon Actu\" rel=\"nofollow noopener\" data-trk=\"{&quot;cta&quot;:{&quot;action&quot;:&quot;https:\\\/\\\/moncompte.actu.fr&quot;,&quot;category&quot;:&quot;mon compte&quot;,&quot;from&quot;:&quot;article footer&quot;,&quot;name&quot;:&quot;Mon actu&quot;,&quot;type&quot;:&quot;cta&quot;}}\" target=\"_blank\">Mon Actu<\/a>.<\/p>\n","protected":false},"excerpt":{"rendered":"Par Emma Ressegaire Publi\u00e9 le 25 ao\u00fbt 2025 \u00e0 18h26 Sur des motos, la garde civile espagnole a&hellip;\n","protected":false},"author":2,"featured_media":343319,"comment_status":"","ping_status":"","sticky":false,"template":"","format":"standard","meta":{"footnotes":""},"categories":[9566],"tags":[1111,11,2430,1777,674,1011,27,2731,12,1072,25,104,208],"class_list":{"0":"post-343318","1":"post","2":"type-post","3":"status-publish","4":"format-standard","5":"has-post-thumbnail","7":"category-grenoble","8":"tag-actu","9":"tag-actualites","10":"tag-auvergne-rhone-alpes","11":"tag-eu","12":"tag-europe","13":"tag-fr","14":"tag-france","15":"tag-grenoble","16":"tag-news","17":"tag-police","18":"tag-republique-francaise","19":"tag-societe","20":"tag-velo"},"share_on_mastodon":{"url":"https:\/\/pubeurope.com\/@fr\/115090572213195876","error":""},"_links":{"self":[{"href":"https:\/\/www.europesays.com\/fr\/wp-json\/wp\/v2\/posts\/343318","targetHints":{"allow":["GET"]}}],"collection":[{"href":"https:\/\/www.europesays.com\/fr\/wp-json\/wp\/v2\/posts"}],"about":[{"href":"https:\/\/www.europesays.com\/fr\/wp-json\/wp\/v2\/types\/post"}],"author":[{"embeddable":true,"href":"https:\/\/www.europesays.com\/fr\/wp-json\/wp\/v2\/users\/2"}],"replies":[{"embeddable":true,"href":"https:\/\/www.europesays.com\/fr\/wp-json\/wp\/v2\/comments?post=343318"}],"version-history":[{"count":0,"href":"https:\/\/www.europesays.com\/fr\/wp-json\/wp\/v2\/posts\/343318\/revisions"}],"wp:featuredmedia":[{"embeddable":true,"href":"https:\/\/www.europesays.com\/fr\/wp-json\/wp\/v2\/media\/343319"}],"wp:attachment":[{"href":"https:\/\/www.europesays.com\/fr\/wp-json\/wp\/v2\/media?parent=343318"}],"wp:term":[{"taxonomy":"category","embeddable":true,"href":"https:\/\/www.europesays.com\/fr\/wp-json\/wp\/v2\/categories?post=343318"},{"taxonomy":"post_tag","embeddable":true,"href":"https:\/\/www.europesays.com\/fr\/wp-json\/wp\/v2\/tags?post=343318"}],"curies":[{"name":"wp","href":"https:\/\/api.w.org\/{rel}","templated":true}]}}