{"id":343320,"date":"2025-08-25T17:25:12","date_gmt":"2025-08-25T17:25:12","guid":{"rendered":"https:\/\/www.europesays.com\/fr\/343320\/"},"modified":"2025-08-25T17:25:12","modified_gmt":"2025-08-25T17:25:12","slug":"grenoble-yoa-la-revelation-sur-scene","status":"publish","type":"post","link":"https:\/\/www.europesays.com\/fr\/343320\/","title":{"rendered":"Grenoble. Yoa, la r\u00e9v\u00e9lation sur sc\u00e8ne"},"content":{"rendered":"<p>Un s\u00e9rum de v\u00e9rit\u00e9, de lucidit\u00e9 et de contemporan\u00e9it\u00e9\u00a0: telle est Yoa, l\u2019enfant prodige de la pop aux pulsations \u00e9lectro. Avec son premier album La Favorite , Yoa redonne des couleurs \u00e0 la pop fran\u00e7aise, bouscule les codes et d\u00e9poussi\u00e8re les th\u00e8mes (chagrins d\u2019amiti\u00e9, violences sexuelles, sant\u00e9 mentale, amour\u2026). Chacune de ses prestations fait l\u2019effet d\u2019une claque\u00a0: ce n\u2019est pas pour rien qu\u2019elle a \u00e9t\u00e9 sacr\u00e9e \u201cR\u00e9v\u00e9lation sc\u00e8ne\u201d aux Victoires de la musique.<\/p>\n<p class=\"note\">Le 4\u00a0d\u00e9cembre \u00e0 20 heures \u00e0 La Belle \u00c9lectrique \u00e0 Grenoble. De 23 \u00e0 28\u00a0\u20ac.<\/p>\n","protected":false},"excerpt":{"rendered":"Un s\u00e9rum de v\u00e9rit\u00e9, de lucidit\u00e9 et de contemporan\u00e9it\u00e9\u00a0: telle est Yoa, l\u2019enfant prodige de la pop aux&hellip;\n","protected":false},"author":2,"featured_media":343321,"comment_status":"","ping_status":"","sticky":false,"template":"","format":"standard","meta":{"footnotes":""},"categories":[9566],"tags":[1111,11,2430,1687,112,1777,674,1011,27,2731,2732,108,12,25,3140],"class_list":{"0":"post-343320","1":"post","2":"type-post","3":"status-publish","4":"format-standard","5":"has-post-thumbnail","7":"category-grenoble","8":"tag-actu","9":"tag-actualites","10":"tag-auvergne-rhone-alpes","11":"tag-culture-loisirs","12":"tag-edition-grenoble-agglomeration","13":"tag-eu","14":"tag-europe","15":"tag-fr","16":"tag-france","17":"tag-grenoble","18":"tag-grenoble-bassin","19":"tag-isere","20":"tag-news","21":"tag-republique-francaise","22":"tag-spectacle"},"share_on_mastodon":{"url":"https:\/\/pubeurope.com\/@fr\/115090576027142813","error":""},"_links":{"self":[{"href":"https:\/\/www.europesays.com\/fr\/wp-json\/wp\/v2\/posts\/343320","targetHints":{"allow":["GET"]}}],"collection":[{"href":"https:\/\/www.europesays.com\/fr\/wp-json\/wp\/v2\/posts"}],"about":[{"href":"https:\/\/www.europesays.com\/fr\/wp-json\/wp\/v2\/types\/post"}],"author":[{"embeddable":true,"href":"https:\/\/www.europesays.com\/fr\/wp-json\/wp\/v2\/users\/2"}],"replies":[{"embeddable":true,"href":"https:\/\/www.europesays.com\/fr\/wp-json\/wp\/v2\/comments?post=343320"}],"version-history":[{"count":0,"href":"https:\/\/www.europesays.com\/fr\/wp-json\/wp\/v2\/posts\/343320\/revisions"}],"wp:featuredmedia":[{"embeddable":true,"href":"https:\/\/www.europesays.com\/fr\/wp-json\/wp\/v2\/media\/343321"}],"wp:attachment":[{"href":"https:\/\/www.europesays.com\/fr\/wp-json\/wp\/v2\/media?parent=343320"}],"wp:term":[{"taxonomy":"category","embeddable":true,"href":"https:\/\/www.europesays.com\/fr\/wp-json\/wp\/v2\/categories?post=343320"},{"taxonomy":"post_tag","embeddable":true,"href":"https:\/\/www.europesays.com\/fr\/wp-json\/wp\/v2\/tags?post=343320"}],"curies":[{"name":"wp","href":"https:\/\/api.w.org\/{rel}","templated":true}]}}