{"id":343322,"date":"2025-08-25T17:27:08","date_gmt":"2025-08-25T17:27:08","guid":{"rendered":"https:\/\/www.europesays.com\/fr\/343322\/"},"modified":"2025-08-25T17:27:08","modified_gmt":"2025-08-25T17:27:08","slug":"des-vacances-rocknroll-ce-benevole-rennais-est-tombe-amoureux-du-festival-du-roi-arthur","status":"publish","type":"post","link":"https:\/\/www.europesays.com\/fr\/343322\/","title":{"rendered":"\u00ab\u00a0Des vacances rock\u2019n\u2019roll\u00a0\u00bb\u00a0: ce b\u00e9n\u00e9vole rennais est tomb\u00e9 amoureux du festival du Roi Arthur"},"content":{"rendered":"<p>Le <a href=\"https:\/\/www.letelegramme.fr\/culture-loisirs\/festivals\/festival-du-roi-arthur-les-5-infos-pratiques-a-retenir-avant-le-debut-des-concerts-ce-vendredi-6874275.php\" target=\"_blank\" rel=\"noopener\">festival du Roi Arthur<\/a>, il le conna\u00eet comme sa poche. Gervais Duchemin, 44 ans, y est b\u00e9n\u00e9vole toute l\u2019ann\u00e9e depuis maintenant plus de 4 ans. Membre du comit\u00e9 d\u2019organisation, le <a href=\"https:\/\/www.letelegramme.fr\/ille-et-vilaine\/rennes-35000\/\" target=\"_blank\" rel=\"noopener\">Rennais<\/a> est charg\u00e9 des impressionnants visuels des quatre sc\u00e8nes du festival. La raison de son engagement ? \u00ab Faire vivre le mythe du Roi Arthur \u00bb, bien \u00e9videmment.<\/p>\n<p>Festivalier avant d\u2019\u00eatre b\u00e9n\u00e9vole<\/p>\n<p>Il ne poss\u00e8de pas d\u2019\u00e9p\u00e9e Caliburn, ni de couronne ou de dragon. Mais une passion presque inn\u00e9e pour ce festival qu\u2019il a d\u00e9couvert pour la premi\u00e8re fois en 2017. \u00c0 l\u2019\u00e9poque, il n\u2019\u00e9tait qu\u2019un simple festivalier parmi tant d\u2019autres. \u00ab Je ne connaissais pas du tout mais j\u2019ai tout de suite trouv\u00e9 \u00e7a bien \u00bb, rembobine-t-il.<\/p>\n<p>Petit \u00e0 petit, il prend doucement ses marques dans le royaume arthurien. En 2019, il passe du c\u00f4t\u00e9 des partenaires de l\u2019\u00e9v\u00e8nement gr\u00e2ce \u00e0 l\u2019entreprise o\u00f9 il travaillait. Un nouveau statut qui lui permet de rencontrer les organisateurs. Un d\u00e9clic \u00ab venu naturellement \u00bb qui lui a tout de suite donn\u00e9 envie de \u00ab donner un petit coup de main \u00bb. C\u2019est donc en 2021 qu\u2019il se d\u00e9cide \u00e0 franchir le pas et s\u2019engage pleinement dans cette chouette aventure. \u00ab J\u2019ai vu que \u00e7a grandissait gentiment et je me suis vite dit qu\u2019il avait des id\u00e9es sympas \u00e0 mettre en place, surtout avec l\u2019imaginaire du mythe arthurien \u00bb.<\/p>\n<p>Des liens tiss\u00e9s au fur et \u00e0 mesure des ann\u00e9es<\/p>\n<p>D\u00e8s son arriv\u00e9e, il fait la connaissance des autres b\u00e9n\u00e9voles : \u00ab Des relations se sont rapidement nou\u00e9es entre nous, on a vite accroch\u00e9 \u00bb. Les ann\u00e9es passent et aujourd\u2019hui, son engagement va plus loin que la simple r\u00e9alisation des d\u00e9cors du festival. \u00ab Le Roi Arthur, c\u2019est un cercle social, c\u2019est plein de potes que j\u2019ai rencontr\u00e9s depuis plusieurs ann\u00e9es. \u00bb M\u00eame s\u2019il confie \u00eatre tout naturellement plus proche de ses confr\u00e8res qui s\u2019activent avec lui \u00e0 l\u2019ann\u00e9e, il souligne une vraie coh\u00e9sion avec les b\u00e9n\u00e9voles pr\u00e9sents sur les trois jours de l\u2019\u00e9v\u00e8nement. \u00ab En r\u00e9alit\u00e9, il y a beaucoup d\u2019habitu\u00e9s qui reviennent d\u2019ann\u00e9e en ann\u00e9e. Car monter un festival, c\u2019est aussi \u00e9norm\u00e9ment de travail, donc \u00e7a nous soude beaucoup \u00bb.<\/p>\n<p>Dans la troupe du Roi Arthur, l\u2019int\u00e9gration semble facile et plac\u00e9e sous le signe de la bonne humeur. \u00ab Il fait beau, tout le monde est content de se retrouver. Personne ne se force, c\u2019est le principe du b\u00e9n\u00e9volat \u00bb.<\/p>\n<p>\u00ab Je m\u2019y suis attach\u00e9 \u00bb<\/p>\n<p>Pour accueillir 70 000 personnes dans un festival situ\u00e9 au milieu d\u2019un champ, Gervais Duchemin confirme que c\u2019est un sacr\u00e9 d\u00e9fi. Mais pour autant, pas de quoi impressionner le Rennais, fier de r\u00e9ussir cet exploit d\u2019ann\u00e9e en ann\u00e9e. Pendant trois jours, ce sont un peu des \u00ab vacances rock\u2019n\u2019roll \u00bb, raconte-t-il en souriant mais \u00e0 la fin, \u00ab il y a le sentiment de devoir accompli \u00bb.<\/p>\n<p>Suffisant pour le motiver \u00e0 prolonger ? \u00ab \u00c7a demande beaucoup de temps \u00bb, confie-t-il, marquant un temps d\u2019h\u00e9sitation. Et de rench\u00e9rir : \u00ab Mais j\u2019ai quand m\u00eame envie de continuer. \u00bb Car pour le quarantenaire, p\u00e8re de famille, \u00ab on n\u2019abandonne pas le Roi Arthur comme \u00e7a.\u00a0\u00bb<\/p>\n<p>Les relations nou\u00e9es, l\u2019adr\u00e9naline des derniers jours de pr\u00e9paration\u2026 Difficile de s\u2019en passer apr\u00e8s toutes ces ann\u00e9es : \u00ab Je m\u2019y suis attach\u00e9. \u00bb En somme, on peut en d\u00e9duire qu\u2019il lui reste encore de beaux moments \u00e0 vivre au festival du Roi Arthur.<\/p>\n","protected":false},"excerpt":{"rendered":"Le festival du Roi Arthur, il le conna\u00eet comme sa poche. Gervais Duchemin, 44 ans, y est b\u00e9n\u00e9vole&hellip;\n","protected":false},"author":2,"featured_media":343323,"comment_status":"","ping_status":"","sticky":false,"template":"","format":"standard","meta":{"footnotes":""},"categories":[2821],"tags":[1111,11,829,3173,765,1777,674,849,3337,1011,27,848,12,584,25],"class_list":{"0":"post-343322","1":"post","2":"type-post","3":"status-publish","4":"format-standard","5":"has-post-thumbnail","7":"category-rennes","8":"tag-actu","9":"tag-actualites","10":"tag-bretagne","11":"tag-culture-a-rennes","12":"tag-en-continu","13":"tag-eu","14":"tag-europe","15":"tag-festival","16":"tag-festivals","17":"tag-fr","18":"tag-france","19":"tag-ille-et-vilaine","20":"tag-news","21":"tag-rennes","22":"tag-republique-francaise"},"share_on_mastodon":{"url":"https:\/\/pubeurope.com\/@fr\/115090583931008899","error":""},"_links":{"self":[{"href":"https:\/\/www.europesays.com\/fr\/wp-json\/wp\/v2\/posts\/343322","targetHints":{"allow":["GET"]}}],"collection":[{"href":"https:\/\/www.europesays.com\/fr\/wp-json\/wp\/v2\/posts"}],"about":[{"href":"https:\/\/www.europesays.com\/fr\/wp-json\/wp\/v2\/types\/post"}],"author":[{"embeddable":true,"href":"https:\/\/www.europesays.com\/fr\/wp-json\/wp\/v2\/users\/2"}],"replies":[{"embeddable":true,"href":"https:\/\/www.europesays.com\/fr\/wp-json\/wp\/v2\/comments?post=343322"}],"version-history":[{"count":0,"href":"https:\/\/www.europesays.com\/fr\/wp-json\/wp\/v2\/posts\/343322\/revisions"}],"wp:featuredmedia":[{"embeddable":true,"href":"https:\/\/www.europesays.com\/fr\/wp-json\/wp\/v2\/media\/343323"}],"wp:attachment":[{"href":"https:\/\/www.europesays.com\/fr\/wp-json\/wp\/v2\/media?parent=343322"}],"wp:term":[{"taxonomy":"category","embeddable":true,"href":"https:\/\/www.europesays.com\/fr\/wp-json\/wp\/v2\/categories?post=343322"},{"taxonomy":"post_tag","embeddable":true,"href":"https:\/\/www.europesays.com\/fr\/wp-json\/wp\/v2\/tags?post=343322"}],"curies":[{"name":"wp","href":"https:\/\/api.w.org\/{rel}","templated":true}]}}